{"id":2909,"date":"2025-04-09T11:41:21","date_gmt":"2025-04-09T09:41:21","guid":{"rendered":"https:\/\/lakermesse.fr\/la-seyne-sur-mer\/?p=2909"},"modified":"2025-04-09T11:41:21","modified_gmt":"2025-04-09T09:41:21","slug":"lafter-de-la-kermesse-2","status":"publish","type":"post","link":"https:\/\/lakermesse.fr\/la-seyne-sur-mer\/2025\/04\/lafter-de-la-kermesse-2\/","title":{"rendered":"L&rsquo;after de la Kermesse"},"content":{"rendered":"<ul>\n<li>\n<h5>AFTERS<\/h5>\n<\/li>\n<\/ul>\n<p>Les afters la Kermesse se d\u00e9roulent \u00e0 l\u2019int\u00e9rieur du CASINO JOA de la Seyne sur mer de 00H00 \u00e0 03H30 (accessible \u00e0 pied au d\u00e9part du festival).\u00a0 Attention ! Quantit\u00e9 tr\u00e8s limit\u00e9e !<\/p>\n<p>Le pack incluant La Kermesse Festival + l&rsquo;After est plus avantageux que l&rsquo;achat de l&rsquo;after seul, permettant ainsi d&rsquo;\u00e9conomiser sur le prix total.<\/p>\n<p>Profitez d&rsquo;un tarif r\u00e9duit en optant pour l&rsquo;ensemble ! Un after apr\u00e8s chaque soir\u00e9e de Kermesse avec la pr\u00e9sence d\u2019artistes exclusifs pour continuer la f\u00eate jusqu&rsquo;au bout de la nuit au son des ann\u00e9es 2000 !<\/p>\n<p><strong>LE PASS AFTER SEUL NE DONNE AUCUN ACC\u00c8S AU FESTIVAL MAIS UNIQUEMENT \u00c0 LA SOIR\u00c9E D&rsquo;APR\u00c8S CONCERT.<\/strong><\/p>\n<p><strong>ATTENTION<\/strong> : Le Pass After au Casino JOA est d\u00e9sormais complet, mais pas de panique : une seconde chance s\u2019offre \u00e0 vous avec un After alternatif au Naho Club, situ\u00e9 au 116 avenue de Digne \u00e0 La Garde.<\/p>\n<p>M\u00eame ambiance, m\u00eames vibes, m\u00eames artistes : les deux artistes pr\u00e9vus chaque soir seront bien pr\u00e9sents \u00e0 la fois au Casino JOA et au Naho Club.<\/p>\n<p>Vous pourrez ainsi profiter d\u2019une soir\u00e9e survolt\u00e9e aux couleurs des ann\u00e9es 2000, avec une programmation musicale identique et une atmosph\u00e8re toujours aussi festive. Le Pass After au Naho Club inclut l\u2019entr\u00e9e \u00e0 la soir\u00e9e, une consommation offerte, et un acc\u00e8s \u00e0 un dancefloor bouillant jusqu\u2019au petit matin.<\/p>\n<p>C\u2019est l\u2019occasion r\u00eav\u00e9e de prolonger l\u2019exp\u00e9rience La Kermesse Festival m\u00eame si vous avez manqu\u00e9 le premier After. Attention, les places sont ultra limit\u00e9es ! Il est vivement conseill\u00e9 de r\u00e9server d\u00e8s maintenant pour garantir votre acc\u00e8s.<\/p>\n<p>Pour profiter pleinement de l\u2019\u00e9v\u00e9nement, le pack combin\u00e9 La Kermesse Festival + After est la solution la plus avantageuse : il permet d\u2019\u00e9conomiser sur le prix global tout en profitant du festival en journ\u00e9e et de l\u2019after en soir\u00e9e.<\/p>\n<p>\u00c0 noter : le Pass After seul ne donne pas acc\u00e8s au festival, mais uniquement \u00e0 la soir\u00e9e d\u2019apr\u00e8s-concert.<\/p>\n<div class=\"x11i5rnm xat24cr x1mh8g0r x1vvkbs xtlvy1s\">\n<ul>\n<li>Achat de billet after.<\/li>\n<\/ul>\n<p>&nbsp;<\/p>\n<\/div>\n<p><a class=\"btn -secondary\" href=\"https:\/\/lakermesse.fr\/la-seyne-sur-mer\/nos-forfaits\/\">CLIQUE ICI<\/a><\/p>\n<p>Retrouvez l&rsquo;acc\u00e8s \u00e0 l&rsquo;After sur le plan ci dessous :<\/p>\n<p><img loading=\"lazy\" decoding=\"async\" class=\"alignnone wp-image-1660\" src=\"https:\/\/lakermesse.fr\/la-seyne-sur-mer\/wp-content\/uploads\/2024\/12\/Afters-300x169.png\" alt=\"\" width=\"1034\" height=\"583\" srcset=\"https:\/\/lakermesse.fr\/la-seyne-sur-mer\/wp-content\/uploads\/2024\/12\/Afters-300x169.png 300w, https:\/\/lakermesse.fr\/la-seyne-sur-mer\/wp-content\/uploads\/2024\/12\/Afters-600x338.png 600w, https:\/\/lakermesse.fr\/la-seyne-sur-mer\/wp-content\/uploads\/2024\/12\/Afters-1024x576.png 1024w, https:\/\/lakermesse.fr\/la-seyne-sur-mer\/wp-content\/uploads\/2024\/12\/Afters-768x432.png 768w, https:\/\/lakermesse.fr\/la-seyne-sur-mer\/wp-content\/uploads\/2024\/12\/Afters-1536x864.png 1536w, https:\/\/lakermesse.fr\/la-seyne-sur-mer\/wp-content\/uploads\/2024\/12\/Afters-1400x788.png 1400w, https:\/\/lakermesse.fr\/la-seyne-sur-mer\/wp-content\/uploads\/2024\/12\/Afters-900x506.png 900w, https:\/\/lakermesse.fr\/la-seyne-sur-mer\/wp-content\/uploads\/2024\/12\/Afters-400x225.png 400w, https:\/\/lakermesse.fr\/la-seyne-sur-mer\/wp-content\/uploads\/2024\/12\/Afters.png 1920w\" sizes=\"auto, (max-width: 1034px) 100vw, 1034px\" \/><\/p>\n","protected":false},"excerpt":{"rendered":"<p>AFTERS Les afters la Kermesse se d\u00e9roulent \u00e0 l\u2019int\u00e9rieur du CASINO JOA de la Seyne sur mer de 00H00 \u00e0 03H30 (accessible \u00e0 pied au d\u00e9part du festival).\u00a0 Attention ! Quantit\u00e9 tr\u00e8s limit\u00e9e ! Le pack incluant La Kermesse Festival + l&rsquo;After est plus avantageux que l&rsquo;achat de l&rsquo;after seul, permettant ainsi d&rsquo;\u00e9conomiser sur le [&hellip;]<\/p>\n","protected":false},"author":7,"featured_media":1378,"comment_status":"closed","ping_status":"closed","sticky":false,"template":"","format":"standard","meta":{"_acf_changed":false,"footnotes":""},"categories":[1],"tags":[],"class_list":["post-2909","post","type-post","status-publish","format-standard","has-post-thumbnail","hentry","category-non-classifiee"],"acf":[],"yoast_head":"<!-- This site is optimized with the Yoast SEO plugin v22.4 - https:\/\/yoast.com\/wordpress\/plugins\/seo\/ -->\n<title>L&#039;after de la Kermesse - Kermesse - La Seyne-Sur-Mer<\/title>\n<meta name=\"robots\" content=\"index, follow, max-snippet:-1, max-image-preview:large, max-video-preview:-1\" \/>\n<link rel=\"canonical\" href=\"https:\/\/lakermesse.fr\/la-seyne-sur-mer\/2025\/04\/lafter-de-la-kermesse-2\/\" \/>\n<meta property=\"og:locale\" content=\"fr_FR\" \/>\n<meta property=\"og:type\" content=\"article\" \/>\n<meta property=\"og:title\" content=\"L&#039;after de la Kermesse - Kermesse - La Seyne-Sur-Mer\" \/>\n<meta property=\"og:description\" content=\"AFTERS Les afters la Kermesse se d\u00e9roulent \u00e0 l\u2019int\u00e9rieur du CASINO JOA de la Seyne sur mer de 00H00 \u00e0 03H30 (accessible \u00e0 pied au d\u00e9part du festival).\u00a0 Attention ! Quantit\u00e9 tr\u00e8s limit\u00e9e ! Le pack incluant La Kermesse Festival + l&rsquo;After est plus avantageux que l&rsquo;achat de l&rsquo;after seul, permettant ainsi d&rsquo;\u00e9conomiser sur le [&hellip;]\" \/>\n<meta property=\"og:url\" content=\"https:\/\/lakermesse.fr\/la-seyne-sur-mer\/2025\/04\/lafter-de-la-kermesse-2\/\" \/>\n<meta property=\"og:site_name\" content=\"Kermesse - La Seyne-Sur-Mer\" \/>\n<meta property=\"article:published_time\" content=\"2025-04-09T09:41:21+00:00\" \/>\n<meta property=\"og:image\" content=\"https:\/\/lakermesse.fr\/la-seyne-sur-mer\/wp-content\/uploads\/2024\/11\/hq720-2.jpg\" \/>\n\t<meta property=\"og:image:width\" content=\"686\" \/>\n\t<meta property=\"og:image:height\" content=\"386\" \/>\n\t<meta property=\"og:image:type\" content=\"image\/jpeg\" \/>\n<meta name=\"author\" content=\"pierre@chafadouproductions.com\" \/>\n<meta name=\"twitter:card\" content=\"summary_large_image\" \/>\n<meta name=\"twitter:label1\" content=\"\u00c9crit par\" \/>\n\t<meta name=\"twitter:data1\" content=\"pierre@chafadouproductions.com\" \/>\n\t<meta name=\"twitter:label2\" content=\"Dur\u00e9e de lecture estim\u00e9e\" \/>\n\t<meta name=\"twitter:data2\" content=\"3 minutes\" \/>\n<script type=\"application\/ld+json\" class=\"yoast-schema-graph\">{\"@context\":\"https:\/\/schema.org\",\"@graph\":[{\"@type\":\"WebPage\",\"@id\":\"https:\/\/lakermesse.fr\/la-seyne-sur-mer\/2025\/04\/lafter-de-la-kermesse-2\/\",\"url\":\"https:\/\/lakermesse.fr\/la-seyne-sur-mer\/2025\/04\/lafter-de-la-kermesse-2\/\",\"name\":\"L'after de la Kermesse - Kermesse - La Seyne-Sur-Mer\",\"isPartOf\":{\"@id\":\"https:\/\/lakermesse.fr\/la-seyne-sur-mer\/#website\"},\"primaryImageOfPage\":{\"@id\":\"https:\/\/lakermesse.fr\/la-seyne-sur-mer\/2025\/04\/lafter-de-la-kermesse-2\/#primaryimage\"},\"image\":{\"@id\":\"https:\/\/lakermesse.fr\/la-seyne-sur-mer\/2025\/04\/lafter-de-la-kermesse-2\/#primaryimage\"},\"thumbnailUrl\":\"https:\/\/lakermesse.fr\/la-seyne-sur-mer\/wp-content\/uploads\/2024\/11\/hq720-2.jpg\",\"datePublished\":\"2025-04-09T09:41:21+00:00\",\"dateModified\":\"2025-04-09T09:41:21+00:00\",\"author\":{\"@id\":\"https:\/\/lakermesse.fr\/la-seyne-sur-mer\/#\/schema\/person\/e9b271f1a581f462db343dd91d1039a2\"},\"breadcrumb\":{\"@id\":\"https:\/\/lakermesse.fr\/la-seyne-sur-mer\/2025\/04\/lafter-de-la-kermesse-2\/#breadcrumb\"},\"inLanguage\":\"fr-FR\",\"potentialAction\":[{\"@type\":\"ReadAction\",\"target\":[\"https:\/\/lakermesse.fr\/la-seyne-sur-mer\/2025\/04\/lafter-de-la-kermesse-2\/\"]}]},{\"@type\":\"ImageObject\",\"inLanguage\":\"fr-FR\",\"@id\":\"https:\/\/lakermesse.fr\/la-seyne-sur-mer\/2025\/04\/lafter-de-la-kermesse-2\/#primaryimage\",\"url\":\"https:\/\/lakermesse.fr\/la-seyne-sur-mer\/wp-content\/uploads\/2024\/11\/hq720-2.jpg\",\"contentUrl\":\"https:\/\/lakermesse.fr\/la-seyne-sur-mer\/wp-content\/uploads\/2024\/11\/hq720-2.jpg\",\"width\":686,\"height\":386},{\"@type\":\"BreadcrumbList\",\"@id\":\"https:\/\/lakermesse.fr\/la-seyne-sur-mer\/2025\/04\/lafter-de-la-kermesse-2\/#breadcrumb\",\"itemListElement\":[{\"@type\":\"ListItem\",\"position\":1,\"name\":\"Accueil\",\"item\":\"https:\/\/lakermesse.fr\/la-seyne-sur-mer\/\"},{\"@type\":\"ListItem\",\"position\":2,\"name\":\"L&rsquo;after de la Kermesse\"}]},{\"@type\":\"WebSite\",\"@id\":\"https:\/\/lakermesse.fr\/la-seyne-sur-mer\/#website\",\"url\":\"https:\/\/lakermesse.fr\/la-seyne-sur-mer\/\",\"name\":\"La Kermesse - 31 juillet et 1,2 aout 2026\",\"description\":\"\",\"potentialAction\":[{\"@type\":\"SearchAction\",\"target\":{\"@type\":\"EntryPoint\",\"urlTemplate\":\"https:\/\/lakermesse.fr\/la-seyne-sur-mer\/?s={search_term_string}\"},\"query-input\":\"required name=search_term_string\"}],\"inLanguage\":\"fr-FR\"},{\"@type\":\"Person\",\"@id\":\"https:\/\/lakermesse.fr\/la-seyne-sur-mer\/#\/schema\/person\/e9b271f1a581f462db343dd91d1039a2\",\"name\":\"pierre@chafadouproductions.com\",\"image\":{\"@type\":\"ImageObject\",\"inLanguage\":\"fr-FR\",\"@id\":\"https:\/\/lakermesse.fr\/la-seyne-sur-mer\/#\/schema\/person\/image\/\",\"url\":\"https:\/\/secure.gravatar.com\/avatar\/c9eb0d466467df33d5789d537020ec70f52c8b70b8126b9c52d14e3a5a311a98?s=96&d=mm&r=g\",\"contentUrl\":\"https:\/\/secure.gravatar.com\/avatar\/c9eb0d466467df33d5789d537020ec70f52c8b70b8126b9c52d14e3a5a311a98?s=96&d=mm&r=g\",\"caption\":\"pierre@chafadouproductions.com\"},\"url\":\"https:\/\/lakermesse.fr\/la-seyne-sur-mer\/author\/pierrechafadouproductions-com\/\"}]}<\/script>\n<!-- \/ Yoast SEO plugin. -->","yoast_head_json":{"title":"L'after de la Kermesse - Kermesse - La Seyne-Sur-Mer","robots":{"index":"index","follow":"follow","max-snippet":"max-snippet:-1","max-image-preview":"max-image-preview:large","max-video-preview":"max-video-preview:-1"},"canonical":"https:\/\/lakermesse.fr\/la-seyne-sur-mer\/2025\/04\/lafter-de-la-kermesse-2\/","og_locale":"fr_FR","og_type":"article","og_title":"L'after de la Kermesse - Kermesse - La Seyne-Sur-Mer","og_description":"AFTERS Les afters la Kermesse se d\u00e9roulent \u00e0 l\u2019int\u00e9rieur du CASINO JOA de la Seyne sur mer de 00H00 \u00e0 03H30 (accessible \u00e0 pied au d\u00e9part du festival).\u00a0 Attention ! Quantit\u00e9 tr\u00e8s limit\u00e9e ! Le pack incluant La Kermesse Festival + l&rsquo;After est plus avantageux que l&rsquo;achat de l&rsquo;after seul, permettant ainsi d&rsquo;\u00e9conomiser sur le [&hellip;]","og_url":"https:\/\/lakermesse.fr\/la-seyne-sur-mer\/2025\/04\/lafter-de-la-kermesse-2\/","og_site_name":"Kermesse - La Seyne-Sur-Mer","article_published_time":"2025-04-09T09:41:21+00:00","og_image":[{"width":686,"height":386,"url":"https:\/\/lakermesse.fr\/la-seyne-sur-mer\/wp-content\/uploads\/2024\/11\/hq720-2.jpg","type":"image\/jpeg"}],"author":"pierre@chafadouproductions.com","twitter_card":"summary_large_image","twitter_misc":{"\u00c9crit par":"pierre@chafadouproductions.com","Dur\u00e9e de lecture estim\u00e9e":"3 minutes"},"schema":{"@context":"https:\/\/schema.org","@graph":[{"@type":"WebPage","@id":"https:\/\/lakermesse.fr\/la-seyne-sur-mer\/2025\/04\/lafter-de-la-kermesse-2\/","url":"https:\/\/lakermesse.fr\/la-seyne-sur-mer\/2025\/04\/lafter-de-la-kermesse-2\/","name":"L'after de la Kermesse - Kermesse - La Seyne-Sur-Mer","isPartOf":{"@id":"https:\/\/lakermesse.fr\/la-seyne-sur-mer\/#website"},"primaryImageOfPage":{"@id":"https:\/\/lakermesse.fr\/la-seyne-sur-mer\/2025\/04\/lafter-de-la-kermesse-2\/#primaryimage"},"image":{"@id":"https:\/\/lakermesse.fr\/la-seyne-sur-mer\/2025\/04\/lafter-de-la-kermesse-2\/#primaryimage"},"thumbnailUrl":"https:\/\/lakermesse.fr\/la-seyne-sur-mer\/wp-content\/uploads\/2024\/11\/hq720-2.jpg","datePublished":"2025-04-09T09:41:21+00:00","dateModified":"2025-04-09T09:41:21+00:00","author":{"@id":"https:\/\/lakermesse.fr\/la-seyne-sur-mer\/#\/schema\/person\/e9b271f1a581f462db343dd91d1039a2"},"breadcrumb":{"@id":"https:\/\/lakermesse.fr\/la-seyne-sur-mer\/2025\/04\/lafter-de-la-kermesse-2\/#breadcrumb"},"inLanguage":"fr-FR","potentialAction":[{"@type":"ReadAction","target":["https:\/\/lakermesse.fr\/la-seyne-sur-mer\/2025\/04\/lafter-de-la-kermesse-2\/"]}]},{"@type":"ImageObject","inLanguage":"fr-FR","@id":"https:\/\/lakermesse.fr\/la-seyne-sur-mer\/2025\/04\/lafter-de-la-kermesse-2\/#primaryimage","url":"https:\/\/lakermesse.fr\/la-seyne-sur-mer\/wp-content\/uploads\/2024\/11\/hq720-2.jpg","contentUrl":"https:\/\/lakermesse.fr\/la-seyne-sur-mer\/wp-content\/uploads\/2024\/11\/hq720-2.jpg","width":686,"height":386},{"@type":"BreadcrumbList","@id":"https:\/\/lakermesse.fr\/la-seyne-sur-mer\/2025\/04\/lafter-de-la-kermesse-2\/#breadcrumb","itemListElement":[{"@type":"ListItem","position":1,"name":"Accueil","item":"https:\/\/lakermesse.fr\/la-seyne-sur-mer\/"},{"@type":"ListItem","position":2,"name":"L&rsquo;after de la Kermesse"}]},{"@type":"WebSite","@id":"https:\/\/lakermesse.fr\/la-seyne-sur-mer\/#website","url":"https:\/\/lakermesse.fr\/la-seyne-sur-mer\/","name":"La Kermesse - 31 juillet et 1,2 aout 2026","description":"","potentialAction":[{"@type":"SearchAction","target":{"@type":"EntryPoint","urlTemplate":"https:\/\/lakermesse.fr\/la-seyne-sur-mer\/?s={search_term_string}"},"query-input":"required name=search_term_string"}],"inLanguage":"fr-FR"},{"@type":"Person","@id":"https:\/\/lakermesse.fr\/la-seyne-sur-mer\/#\/schema\/person\/e9b271f1a581f462db343dd91d1039a2","name":"pierre@chafadouproductions.com","image":{"@type":"ImageObject","inLanguage":"fr-FR","@id":"https:\/\/lakermesse.fr\/la-seyne-sur-mer\/#\/schema\/person\/image\/","url":"https:\/\/secure.gravatar.com\/avatar\/c9eb0d466467df33d5789d537020ec70f52c8b70b8126b9c52d14e3a5a311a98?s=96&d=mm&r=g","contentUrl":"https:\/\/secure.gravatar.com\/avatar\/c9eb0d466467df33d5789d537020ec70f52c8b70b8126b9c52d14e3a5a311a98?s=96&d=mm&r=g","caption":"pierre@chafadouproductions.com"},"url":"https:\/\/lakermesse.fr\/la-seyne-sur-mer\/author\/pierrechafadouproductions-com\/"}]}},"_links":{"self":[{"href":"https:\/\/lakermesse.fr\/la-seyne-sur-mer\/wp-json\/wp\/v2\/posts\/2909","targetHints":{"allow":["GET"]}}],"collection":[{"href":"https:\/\/lakermesse.fr\/la-seyne-sur-mer\/wp-json\/wp\/v2\/posts"}],"about":[{"href":"https:\/\/lakermesse.fr\/la-seyne-sur-mer\/wp-json\/wp\/v2\/types\/post"}],"author":[{"embeddable":true,"href":"https:\/\/lakermesse.fr\/la-seyne-sur-mer\/wp-json\/wp\/v2\/users\/7"}],"replies":[{"embeddable":true,"href":"https:\/\/lakermesse.fr\/la-seyne-sur-mer\/wp-json\/wp\/v2\/comments?post=2909"}],"version-history":[{"count":1,"href":"https:\/\/lakermesse.fr\/la-seyne-sur-mer\/wp-json\/wp\/v2\/posts\/2909\/revisions"}],"predecessor-version":[{"id":2910,"href":"https:\/\/lakermesse.fr\/la-seyne-sur-mer\/wp-json\/wp\/v2\/posts\/2909\/revisions\/2910"}],"wp:featuredmedia":[{"embeddable":true,"href":"https:\/\/lakermesse.fr\/la-seyne-sur-mer\/wp-json\/wp\/v2\/media\/1378"}],"wp:attachment":[{"href":"https:\/\/lakermesse.fr\/la-seyne-sur-mer\/wp-json\/wp\/v2\/media?parent=2909"}],"wp:term":[{"taxonomy":"category","embeddable":true,"href":"https:\/\/lakermesse.fr\/la-seyne-sur-mer\/wp-json\/wp\/v2\/categories?post=2909"},{"taxonomy":"post_tag","embeddable":true,"href":"https:\/\/lakermesse.fr\/la-seyne-sur-mer\/wp-json\/wp\/v2\/tags?post=2909"}],"curies":[{"name":"wp","href":"https:\/\/api.w.org\/{rel}","templated":true}]}}