{"id":203,"date":"2024-04-10T00:00:00","date_gmt":"2024-04-09T22:00:00","guid":{"rendered":"https:\/\/lakermesse.fr\/nice\/2024\/04\/eum-repudiandae-sit-sed-autem\/"},"modified":"2024-10-23T22:19:58","modified_gmt":"2024-10-23T20:19:58","slug":"eum-repudiandae-sit-sed-autem","status":"publish","type":"post","link":"https:\/\/lakermesse.fr\/nice\/2024\/04\/eum-repudiandae-sit-sed-autem\/","title":{"rendered":"L&rsquo;importance de nous rejoindre sur les r\u00e9seaux sociaux ! Tout savoir !"},"content":{"rendered":"<p><b>Restez connect\u00e9s avec nous !<\/b><b><\/b><\/p>\n<p>Pour ne rien manquer des derni\u00e8res actualit\u00e9s de la Kermesse, il est essentiel de nous suivre sur <a href=\"https:\/\/www.facebook.com\/lakermessefstvl\/?locale=fr_FR\"><b>Facebook<\/b><\/a> et <a href=\"https:\/\/www.instagram.com\/lakermesse.fstvl\/?hl=fr\"><b>Instagram<\/b><\/a> ! En \u00e9tant connect\u00e9 \u00e0 nos r\u00e9seaux sociaux, vous aurez acc\u00e8s \u00e0 toutes les informations en temps r\u00e9el : annonces d\u2019artistes, programmes, jeux concours, horaires, surprises de derni\u00e8re minute, et bien plus encore.<\/p>\n<p>Nous savons que les mails peuvent parfois se perdre dans le spam ou \u00eatre facilement oubli\u00e9s, et nous souhaitons \u00eatre au plus pr\u00e8s de vous. En nous suivant sur les r\u00e9seaux, vous ne manquerez aucun d\u00e9tail important et vous ferez partie int\u00e9grante de la communaut\u00e9 du festival.<\/p>\n<p>Ne manquez rien et rejoignez-nous d\u00e8s maintenant sur nos pages <a href=\"https:\/\/www.facebook.com\/lakermessefstvl\/?locale=fr_FR\"><strong>Facebook<\/strong><\/a> et <a href=\"https:\/\/www.instagram.com\/lakermesse.fstvl\/?hl=fr\"><strong>Instagram<\/strong><\/a> !<\/p>\n<p>Encore mieux ! Rejoignez nous sur notre canal Instagram et inscrivez-vous \u00e0 notre Newsletter !<\/p>\n<h5><\/h5>\n<h5 style=\"text-align: right;\"><span class=\"text-third\">\u00a0Gros bisous !\u00a0<\/span><\/h5>\n<h5 style=\"text-align: right;\"><span class=\"text-third\">La Kermesse<\/span><\/h5>\n","protected":false},"excerpt":{"rendered":"<p>Restez connect\u00e9s avec nous ! Pour ne rien manquer des derni\u00e8res actualit\u00e9s de la Kermesse, il est essentiel de nous suivre sur Facebook et Instagram ! En \u00e9tant connect\u00e9 \u00e0 nos r\u00e9seaux sociaux, vous aurez acc\u00e8s \u00e0 toutes les informations en temps r\u00e9el : annonces d\u2019artistes, programmes, jeux concours, horaires, surprises de derni\u00e8re minute, et [&hellip;]<\/p>\n","protected":false},"author":1,"featured_media":716,"comment_status":"closed","ping_status":"closed","sticky":false,"template":"","format":"standard","meta":{"_acf_changed":false,"_jetpack_memberships_contains_paid_content":false,"footnotes":""},"categories":[6],"tags":[11],"class_list":["post-203","post","type-post","status-publish","format-standard","has-post-thumbnail","hentry","category-quo","tag-nihil"],"acf":[],"yoast_head":"<!-- This site is optimized with the Yoast SEO plugin v22.4 - https:\/\/yoast.com\/wordpress\/plugins\/seo\/ -->\n<title>L&#039;importance de nous rejoindre sur les r\u00e9seaux sociaux ! Tout savoir ! - La Kermesse - Nice<\/title>\n<meta name=\"robots\" content=\"index, follow, max-snippet:-1, max-image-preview:large, max-video-preview:-1\" \/>\n<link rel=\"canonical\" href=\"https:\/\/lakermesse.fr\/nice\/2024\/04\/eum-repudiandae-sit-sed-autem\/\" \/>\n<meta property=\"og:locale\" content=\"fr_FR\" \/>\n<meta property=\"og:type\" content=\"article\" \/>\n<meta property=\"og:title\" content=\"L&#039;importance de nous rejoindre sur les r\u00e9seaux sociaux ! Tout savoir ! - La Kermesse - Nice\" \/>\n<meta property=\"og:description\" content=\"Restez connect\u00e9s avec nous ! Pour ne rien manquer des derni\u00e8res actualit\u00e9s de la Kermesse, il est essentiel de nous suivre sur Facebook et Instagram ! En \u00e9tant connect\u00e9 \u00e0 nos r\u00e9seaux sociaux, vous aurez acc\u00e8s \u00e0 toutes les informations en temps r\u00e9el : annonces d\u2019artistes, programmes, jeux concours, horaires, surprises de derni\u00e8re minute, et [&hellip;]\" \/>\n<meta property=\"og:url\" content=\"https:\/\/lakermesse.fr\/nice\/2024\/04\/eum-repudiandae-sit-sed-autem\/\" \/>\n<meta property=\"og:site_name\" content=\"La Kermesse - Nice\" \/>\n<meta property=\"article:published_time\" content=\"2024-04-09T22:00:00+00:00\" \/>\n<meta property=\"article:modified_time\" content=\"2024-10-23T20:19:58+00:00\" \/>\n<meta property=\"og:image\" content=\"https:\/\/lakermesse.fr\/nice\/wp-content\/uploads\/2024\/04\/1707521683_Instagram-et-Threads-cesseront-de-recommander-des-publications-politiques.jpg\" \/>\n\t<meta property=\"og:image:width\" content=\"2400\" \/>\n\t<meta property=\"og:image:height\" content=\"1600\" \/>\n\t<meta property=\"og:image:type\" content=\"image\/jpeg\" \/>\n<meta name=\"author\" content=\"julien@nouvellecuisine.co\" \/>\n<meta name=\"twitter:card\" content=\"summary_large_image\" \/>\n<meta name=\"twitter:label1\" content=\"\u00c9crit par\" \/>\n\t<meta name=\"twitter:data1\" content=\"julien@nouvellecuisine.co\" \/>\n\t<meta name=\"twitter:label2\" content=\"Dur\u00e9e de lecture estim\u00e9e\" \/>\n\t<meta name=\"twitter:data2\" content=\"1 minute\" \/>\n<script type=\"application\/ld+json\" class=\"yoast-schema-graph\">{\"@context\":\"https:\/\/schema.org\",\"@graph\":[{\"@type\":\"WebPage\",\"@id\":\"https:\/\/lakermesse.fr\/nice\/2024\/04\/eum-repudiandae-sit-sed-autem\/\",\"url\":\"https:\/\/lakermesse.fr\/nice\/2024\/04\/eum-repudiandae-sit-sed-autem\/\",\"name\":\"L'importance de nous rejoindre sur les r\u00e9seaux sociaux ! Tout savoir ! - La Kermesse - Nice\",\"isPartOf\":{\"@id\":\"https:\/\/lakermesse.fr\/nice\/#website\"},\"primaryImageOfPage\":{\"@id\":\"https:\/\/lakermesse.fr\/nice\/2024\/04\/eum-repudiandae-sit-sed-autem\/#primaryimage\"},\"image\":{\"@id\":\"https:\/\/lakermesse.fr\/nice\/2024\/04\/eum-repudiandae-sit-sed-autem\/#primaryimage\"},\"thumbnailUrl\":\"https:\/\/lakermesse.fr\/nice\/wp-content\/uploads\/2024\/04\/1707521683_Instagram-et-Threads-cesseront-de-recommander-des-publications-politiques.jpg\",\"datePublished\":\"2024-04-09T22:00:00+00:00\",\"dateModified\":\"2024-10-23T20:19:58+00:00\",\"author\":{\"@id\":\"https:\/\/lakermesse.fr\/nice\/#\/schema\/person\/aacf79645fe3c1f9a2e77c7482e52c9a\"},\"breadcrumb\":{\"@id\":\"https:\/\/lakermesse.fr\/nice\/2024\/04\/eum-repudiandae-sit-sed-autem\/#breadcrumb\"},\"inLanguage\":\"fr-FR\",\"potentialAction\":[{\"@type\":\"ReadAction\",\"target\":[\"https:\/\/lakermesse.fr\/nice\/2024\/04\/eum-repudiandae-sit-sed-autem\/\"]}]},{\"@type\":\"ImageObject\",\"inLanguage\":\"fr-FR\",\"@id\":\"https:\/\/lakermesse.fr\/nice\/2024\/04\/eum-repudiandae-sit-sed-autem\/#primaryimage\",\"url\":\"https:\/\/lakermesse.fr\/nice\/wp-content\/uploads\/2024\/04\/1707521683_Instagram-et-Threads-cesseront-de-recommander-des-publications-politiques.jpg\",\"contentUrl\":\"https:\/\/lakermesse.fr\/nice\/wp-content\/uploads\/2024\/04\/1707521683_Instagram-et-Threads-cesseront-de-recommander-des-publications-politiques.jpg\",\"width\":2400,\"height\":1600},{\"@type\":\"BreadcrumbList\",\"@id\":\"https:\/\/lakermesse.fr\/nice\/2024\/04\/eum-repudiandae-sit-sed-autem\/#breadcrumb\",\"itemListElement\":[{\"@type\":\"ListItem\",\"position\":1,\"name\":\"Accueil\",\"item\":\"https:\/\/lakermesse.fr\/nice\/\"},{\"@type\":\"ListItem\",\"position\":2,\"name\":\"L&rsquo;importance de nous rejoindre sur les r\u00e9seaux sociaux ! Tout savoir !\"}]},{\"@type\":\"WebSite\",\"@id\":\"https:\/\/lakermesse.fr\/nice\/#website\",\"url\":\"https:\/\/lakermesse.fr\/nice\/\",\"name\":\"La Kermesse Toulouse - 14, 15 & 16 ao\u00fbt 2025\",\"description\":\"\",\"potentialAction\":[{\"@type\":\"SearchAction\",\"target\":{\"@type\":\"EntryPoint\",\"urlTemplate\":\"https:\/\/lakermesse.fr\/nice\/?s={search_term_string}\"},\"query-input\":\"required name=search_term_string\"}],\"inLanguage\":\"fr-FR\"},{\"@type\":\"Person\",\"@id\":\"https:\/\/lakermesse.fr\/nice\/#\/schema\/person\/aacf79645fe3c1f9a2e77c7482e52c9a\",\"name\":\"julien@nouvellecuisine.co\",\"image\":{\"@type\":\"ImageObject\",\"inLanguage\":\"fr-FR\",\"@id\":\"https:\/\/lakermesse.fr\/nice\/#\/schema\/person\/image\/\",\"url\":\"https:\/\/secure.gravatar.com\/avatar\/ff05eb0dfa22171d6fd3e9c2bb633e0181f15c44e92b0463cdc4de9355d221a8?s=96&d=mm&r=g\",\"contentUrl\":\"https:\/\/secure.gravatar.com\/avatar\/ff05eb0dfa22171d6fd3e9c2bb633e0181f15c44e92b0463cdc4de9355d221a8?s=96&d=mm&r=g\",\"caption\":\"julien@nouvellecuisine.co\"},\"sameAs\":[\"https:\/\/www.oldurl.com\"],\"url\":\"https:\/\/lakermesse.fr\/nice\/author\/juliennouvellecuisine-co\/\"}]}<\/script>\n<!-- \/ Yoast SEO plugin. -->","yoast_head_json":{"title":"L'importance de nous rejoindre sur les r\u00e9seaux sociaux ! Tout savoir ! - La Kermesse - Nice","robots":{"index":"index","follow":"follow","max-snippet":"max-snippet:-1","max-image-preview":"max-image-preview:large","max-video-preview":"max-video-preview:-1"},"canonical":"https:\/\/lakermesse.fr\/nice\/2024\/04\/eum-repudiandae-sit-sed-autem\/","og_locale":"fr_FR","og_type":"article","og_title":"L'importance de nous rejoindre sur les r\u00e9seaux sociaux ! Tout savoir ! - La Kermesse - Nice","og_description":"Restez connect\u00e9s avec nous ! Pour ne rien manquer des derni\u00e8res actualit\u00e9s de la Kermesse, il est essentiel de nous suivre sur Facebook et Instagram ! En \u00e9tant connect\u00e9 \u00e0 nos r\u00e9seaux sociaux, vous aurez acc\u00e8s \u00e0 toutes les informations en temps r\u00e9el : annonces d\u2019artistes, programmes, jeux concours, horaires, surprises de derni\u00e8re minute, et [&hellip;]","og_url":"https:\/\/lakermesse.fr\/nice\/2024\/04\/eum-repudiandae-sit-sed-autem\/","og_site_name":"La Kermesse - Nice","article_published_time":"2024-04-09T22:00:00+00:00","article_modified_time":"2024-10-23T20:19:58+00:00","og_image":[{"width":2400,"height":1600,"url":"https:\/\/lakermesse.fr\/nice\/wp-content\/uploads\/2024\/04\/1707521683_Instagram-et-Threads-cesseront-de-recommander-des-publications-politiques.jpg","type":"image\/jpeg"}],"author":"julien@nouvellecuisine.co","twitter_card":"summary_large_image","twitter_misc":{"\u00c9crit par":"julien@nouvellecuisine.co","Dur\u00e9e de lecture estim\u00e9e":"1 minute"},"schema":{"@context":"https:\/\/schema.org","@graph":[{"@type":"WebPage","@id":"https:\/\/lakermesse.fr\/nice\/2024\/04\/eum-repudiandae-sit-sed-autem\/","url":"https:\/\/lakermesse.fr\/nice\/2024\/04\/eum-repudiandae-sit-sed-autem\/","name":"L'importance de nous rejoindre sur les r\u00e9seaux sociaux ! Tout savoir ! - La Kermesse - Nice","isPartOf":{"@id":"https:\/\/lakermesse.fr\/nice\/#website"},"primaryImageOfPage":{"@id":"https:\/\/lakermesse.fr\/nice\/2024\/04\/eum-repudiandae-sit-sed-autem\/#primaryimage"},"image":{"@id":"https:\/\/lakermesse.fr\/nice\/2024\/04\/eum-repudiandae-sit-sed-autem\/#primaryimage"},"thumbnailUrl":"https:\/\/lakermesse.fr\/nice\/wp-content\/uploads\/2024\/04\/1707521683_Instagram-et-Threads-cesseront-de-recommander-des-publications-politiques.jpg","datePublished":"2024-04-09T22:00:00+00:00","dateModified":"2024-10-23T20:19:58+00:00","author":{"@id":"https:\/\/lakermesse.fr\/nice\/#\/schema\/person\/aacf79645fe3c1f9a2e77c7482e52c9a"},"breadcrumb":{"@id":"https:\/\/lakermesse.fr\/nice\/2024\/04\/eum-repudiandae-sit-sed-autem\/#breadcrumb"},"inLanguage":"fr-FR","potentialAction":[{"@type":"ReadAction","target":["https:\/\/lakermesse.fr\/nice\/2024\/04\/eum-repudiandae-sit-sed-autem\/"]}]},{"@type":"ImageObject","inLanguage":"fr-FR","@id":"https:\/\/lakermesse.fr\/nice\/2024\/04\/eum-repudiandae-sit-sed-autem\/#primaryimage","url":"https:\/\/lakermesse.fr\/nice\/wp-content\/uploads\/2024\/04\/1707521683_Instagram-et-Threads-cesseront-de-recommander-des-publications-politiques.jpg","contentUrl":"https:\/\/lakermesse.fr\/nice\/wp-content\/uploads\/2024\/04\/1707521683_Instagram-et-Threads-cesseront-de-recommander-des-publications-politiques.jpg","width":2400,"height":1600},{"@type":"BreadcrumbList","@id":"https:\/\/lakermesse.fr\/nice\/2024\/04\/eum-repudiandae-sit-sed-autem\/#breadcrumb","itemListElement":[{"@type":"ListItem","position":1,"name":"Accueil","item":"https:\/\/lakermesse.fr\/nice\/"},{"@type":"ListItem","position":2,"name":"L&rsquo;importance de nous rejoindre sur les r\u00e9seaux sociaux ! Tout savoir !"}]},{"@type":"WebSite","@id":"https:\/\/lakermesse.fr\/nice\/#website","url":"https:\/\/lakermesse.fr\/nice\/","name":"La Kermesse Toulouse - 14, 15 & 16 ao\u00fbt 2025","description":"","potentialAction":[{"@type":"SearchAction","target":{"@type":"EntryPoint","urlTemplate":"https:\/\/lakermesse.fr\/nice\/?s={search_term_string}"},"query-input":"required name=search_term_string"}],"inLanguage":"fr-FR"},{"@type":"Person","@id":"https:\/\/lakermesse.fr\/nice\/#\/schema\/person\/aacf79645fe3c1f9a2e77c7482e52c9a","name":"julien@nouvellecuisine.co","image":{"@type":"ImageObject","inLanguage":"fr-FR","@id":"https:\/\/lakermesse.fr\/nice\/#\/schema\/person\/image\/","url":"https:\/\/secure.gravatar.com\/avatar\/ff05eb0dfa22171d6fd3e9c2bb633e0181f15c44e92b0463cdc4de9355d221a8?s=96&d=mm&r=g","contentUrl":"https:\/\/secure.gravatar.com\/avatar\/ff05eb0dfa22171d6fd3e9c2bb633e0181f15c44e92b0463cdc4de9355d221a8?s=96&d=mm&r=g","caption":"julien@nouvellecuisine.co"},"sameAs":["https:\/\/www.oldurl.com"],"url":"https:\/\/lakermesse.fr\/nice\/author\/juliennouvellecuisine-co\/"}]}},"jetpack_sharing_enabled":true,"jetpack_featured_media_url":"https:\/\/lakermesse.fr\/nice\/wp-content\/uploads\/2024\/04\/1707521683_Instagram-et-Threads-cesseront-de-recommander-des-publications-politiques.jpg","_links":{"self":[{"href":"https:\/\/lakermesse.fr\/nice\/wp-json\/wp\/v2\/posts\/203","targetHints":{"allow":["GET"]}}],"collection":[{"href":"https:\/\/lakermesse.fr\/nice\/wp-json\/wp\/v2\/posts"}],"about":[{"href":"https:\/\/lakermesse.fr\/nice\/wp-json\/wp\/v2\/types\/post"}],"author":[{"embeddable":true,"href":"https:\/\/lakermesse.fr\/nice\/wp-json\/wp\/v2\/users\/1"}],"replies":[{"embeddable":true,"href":"https:\/\/lakermesse.fr\/nice\/wp-json\/wp\/v2\/comments?post=203"}],"version-history":[{"count":3,"href":"https:\/\/lakermesse.fr\/nice\/wp-json\/wp\/v2\/posts\/203\/revisions"}],"predecessor-version":[{"id":896,"href":"https:\/\/lakermesse.fr\/nice\/wp-json\/wp\/v2\/posts\/203\/revisions\/896"}],"wp:featuredmedia":[{"embeddable":true,"href":"https:\/\/lakermesse.fr\/nice\/wp-json\/wp\/v2\/media\/716"}],"wp:attachment":[{"href":"https:\/\/lakermesse.fr\/nice\/wp-json\/wp\/v2\/media?parent=203"}],"wp:term":[{"taxonomy":"category","embeddable":true,"href":"https:\/\/lakermesse.fr\/nice\/wp-json\/wp\/v2\/categories?post=203"},{"taxonomy":"post_tag","embeddable":true,"href":"https:\/\/lakermesse.fr\/nice\/wp-json\/wp\/v2\/tags?post=203"}],"curies":[{"name":"wp","href":"https:\/\/api.w.org\/{rel}","templated":true}]}}