{"id":730,"date":"2024-10-14T14:59:59","date_gmt":"2024-10-14T12:59:59","guid":{"rendered":"https:\/\/lakermesse.fr\/nice\/?p=730"},"modified":"2024-10-23T22:16:17","modified_gmt":"2024-10-23T20:16:17","slug":"ton-gobelet-reutilisable-la-kermesse-on-te-raconte-comment-ca-marche","status":"publish","type":"post","link":"https:\/\/lakermesse.fr\/nice\/2024\/10\/ton-gobelet-reutilisable-la-kermesse-on-te-raconte-comment-ca-marche\/","title":{"rendered":"Ton gobelet r\u00e9utilisable La Kermesse ! On te raconte comment \u00e7a marche !"},"content":{"rendered":"<p><b>Des gobelets r\u00e9utilisables pour un festival \u00e9co-responsable !<\/b><b><\/b><\/p>\n<p>Dans notre d\u00e9marche de r\u00e9duction des d\u00e9chets, nous avons mis en place un syst\u00e8me de <b>gobelets r\u00e9utilisables<\/b> lors de vos achats au bar. Lors de votre premier achat de boisson, un gobelet r\u00e9utilisable vous sera remis pour <b>1\u20ac en suppl\u00e9ment du prix de la boisson<\/b>. Ce gobelet n\u2019est <b>pas consign\u00e9<\/b>, ce qui signifie que vous ne pourrez pas le ramener avant, pendant ou apr\u00e8s le festival et r\u00e9cup\u00e9rer votre 1\u20ac, mais vous pourrez <b>le r\u00e9utiliser tout au long du festival<\/b> pour vos prochains achats et le ramener \u00e0 la maison comme un joli souvenir !<\/p>\n<p>En adoptant ce geste simple, vous contribuez \u00e0 r\u00e9duire l\u2019impact environnemental du festival tout en gardant un joli souvenir de votre passage. Merci pour votre engagement envers un festival plus durable !<\/p>\n<p>Si vous venez plusieurs jours sur le festival, vous pouvez utiliser le m\u00eame gobelet de la Kermesse festival 2025 uniquement . Tout gobelet d&rsquo;un autre \u00e9v\u00e8nement ou d&rsquo;une \u00e9dition pass\u00e9e de la Kermesse Festival ne sera pas autoris\u00e9.<\/p>\n<h5 style=\"text-align: right;\"><span class=\"text-third\">\u00a0Gros bisous !\u00a0<\/span><\/h5>\n<h5 style=\"text-align: right;\"><span class=\"text-third\">La Kermesse<\/span><\/h5>\n","protected":false},"excerpt":{"rendered":"<p>Des gobelets r\u00e9utilisables pour un festival \u00e9co-responsable ! Dans notre d\u00e9marche de r\u00e9duction des d\u00e9chets, nous avons mis en place un syst\u00e8me de gobelets r\u00e9utilisables lors de vos achats au bar. Lors de votre premier achat de boisson, un gobelet r\u00e9utilisable vous sera remis pour 1\u20ac en suppl\u00e9ment du prix de la boisson. Ce gobelet [&hellip;]<\/p>\n","protected":false},"author":4,"featured_media":740,"comment_status":"closed","ping_status":"closed","sticky":false,"template":"","format":"standard","meta":{"_acf_changed":false,"_jetpack_memberships_contains_paid_content":false,"footnotes":""},"categories":[6],"tags":[12],"class_list":["post-730","post","type-post","status-publish","format-standard","has-post-thumbnail","hentry","category-quo","tag-deleniti"],"acf":[],"yoast_head":"<!-- This site is optimized with the Yoast SEO plugin v22.4 - https:\/\/yoast.com\/wordpress\/plugins\/seo\/ -->\n<title>Ton gobelet r\u00e9utilisable La Kermesse ! On te raconte comment \u00e7a marche ! - La Kermesse - Nice<\/title>\n<meta name=\"robots\" content=\"index, follow, max-snippet:-1, max-image-preview:large, max-video-preview:-1\" \/>\n<link rel=\"canonical\" href=\"https:\/\/lakermesse.fr\/nice\/2024\/10\/ton-gobelet-reutilisable-la-kermesse-on-te-raconte-comment-ca-marche\/\" \/>\n<meta property=\"og:locale\" content=\"fr_FR\" \/>\n<meta property=\"og:type\" content=\"article\" \/>\n<meta property=\"og:title\" content=\"Ton gobelet r\u00e9utilisable La Kermesse ! On te raconte comment \u00e7a marche ! - La Kermesse - Nice\" \/>\n<meta property=\"og:description\" content=\"Des gobelets r\u00e9utilisables pour un festival \u00e9co-responsable ! Dans notre d\u00e9marche de r\u00e9duction des d\u00e9chets, nous avons mis en place un syst\u00e8me de gobelets r\u00e9utilisables lors de vos achats au bar. Lors de votre premier achat de boisson, un gobelet r\u00e9utilisable vous sera remis pour 1\u20ac en suppl\u00e9ment du prix de la boisson. Ce gobelet [&hellip;]\" \/>\n<meta property=\"og:url\" content=\"https:\/\/lakermesse.fr\/nice\/2024\/10\/ton-gobelet-reutilisable-la-kermesse-on-te-raconte-comment-ca-marche\/\" \/>\n<meta property=\"og:site_name\" content=\"La Kermesse - Nice\" \/>\n<meta property=\"article:published_time\" content=\"2024-10-14T12:59:59+00:00\" \/>\n<meta property=\"article:modified_time\" content=\"2024-10-23T20:16:17+00:00\" \/>\n<meta property=\"og:image\" content=\"https:\/\/lakermesse.fr\/nice\/wp-content\/uploads\/2024\/10\/DSC06434-scaled.jpg\" \/>\n\t<meta property=\"og:image:width\" content=\"2560\" \/>\n\t<meta property=\"og:image:height\" content=\"1709\" \/>\n\t<meta property=\"og:image:type\" content=\"image\/jpeg\" \/>\n<meta name=\"author\" content=\"staff@chafadouproductions.com\" \/>\n<meta name=\"twitter:card\" content=\"summary_large_image\" \/>\n<meta name=\"twitter:label1\" content=\"\u00c9crit par\" \/>\n\t<meta name=\"twitter:data1\" content=\"staff@chafadouproductions.com\" \/>\n\t<meta name=\"twitter:label2\" content=\"Dur\u00e9e de lecture estim\u00e9e\" \/>\n\t<meta name=\"twitter:data2\" content=\"2 minutes\" \/>\n<script type=\"application\/ld+json\" class=\"yoast-schema-graph\">{\"@context\":\"https:\/\/schema.org\",\"@graph\":[{\"@type\":\"WebPage\",\"@id\":\"https:\/\/lakermesse.fr\/nice\/2024\/10\/ton-gobelet-reutilisable-la-kermesse-on-te-raconte-comment-ca-marche\/\",\"url\":\"https:\/\/lakermesse.fr\/nice\/2024\/10\/ton-gobelet-reutilisable-la-kermesse-on-te-raconte-comment-ca-marche\/\",\"name\":\"Ton gobelet r\u00e9utilisable La Kermesse ! On te raconte comment \u00e7a marche ! - La Kermesse - Nice\",\"isPartOf\":{\"@id\":\"https:\/\/lakermesse.fr\/nice\/#website\"},\"primaryImageOfPage\":{\"@id\":\"https:\/\/lakermesse.fr\/nice\/2024\/10\/ton-gobelet-reutilisable-la-kermesse-on-te-raconte-comment-ca-marche\/#primaryimage\"},\"image\":{\"@id\":\"https:\/\/lakermesse.fr\/nice\/2024\/10\/ton-gobelet-reutilisable-la-kermesse-on-te-raconte-comment-ca-marche\/#primaryimage\"},\"thumbnailUrl\":\"https:\/\/lakermesse.fr\/nice\/wp-content\/uploads\/2024\/10\/DSC06434-scaled.jpg\",\"datePublished\":\"2024-10-14T12:59:59+00:00\",\"dateModified\":\"2024-10-23T20:16:17+00:00\",\"author\":{\"@id\":\"https:\/\/lakermesse.fr\/nice\/#\/schema\/person\/da2be0b972873a695ae2720c19b73acd\"},\"breadcrumb\":{\"@id\":\"https:\/\/lakermesse.fr\/nice\/2024\/10\/ton-gobelet-reutilisable-la-kermesse-on-te-raconte-comment-ca-marche\/#breadcrumb\"},\"inLanguage\":\"fr-FR\",\"potentialAction\":[{\"@type\":\"ReadAction\",\"target\":[\"https:\/\/lakermesse.fr\/nice\/2024\/10\/ton-gobelet-reutilisable-la-kermesse-on-te-raconte-comment-ca-marche\/\"]}]},{\"@type\":\"ImageObject\",\"inLanguage\":\"fr-FR\",\"@id\":\"https:\/\/lakermesse.fr\/nice\/2024\/10\/ton-gobelet-reutilisable-la-kermesse-on-te-raconte-comment-ca-marche\/#primaryimage\",\"url\":\"https:\/\/lakermesse.fr\/nice\/wp-content\/uploads\/2024\/10\/DSC06434-scaled.jpg\",\"contentUrl\":\"https:\/\/lakermesse.fr\/nice\/wp-content\/uploads\/2024\/10\/DSC06434-scaled.jpg\",\"width\":2560,\"height\":1709},{\"@type\":\"BreadcrumbList\",\"@id\":\"https:\/\/lakermesse.fr\/nice\/2024\/10\/ton-gobelet-reutilisable-la-kermesse-on-te-raconte-comment-ca-marche\/#breadcrumb\",\"itemListElement\":[{\"@type\":\"ListItem\",\"position\":1,\"name\":\"Accueil\",\"item\":\"https:\/\/lakermesse.fr\/nice\/\"},{\"@type\":\"ListItem\",\"position\":2,\"name\":\"Ton gobelet r\u00e9utilisable La Kermesse ! On te raconte comment \u00e7a marche !\"}]},{\"@type\":\"WebSite\",\"@id\":\"https:\/\/lakermesse.fr\/nice\/#website\",\"url\":\"https:\/\/lakermesse.fr\/nice\/\",\"name\":\"La Kermesse Toulouse - 14, 15 & 16 ao\u00fbt 2025\",\"description\":\"\",\"potentialAction\":[{\"@type\":\"SearchAction\",\"target\":{\"@type\":\"EntryPoint\",\"urlTemplate\":\"https:\/\/lakermesse.fr\/nice\/?s={search_term_string}\"},\"query-input\":\"required name=search_term_string\"}],\"inLanguage\":\"fr-FR\"},{\"@type\":\"Person\",\"@id\":\"https:\/\/lakermesse.fr\/nice\/#\/schema\/person\/da2be0b972873a695ae2720c19b73acd\",\"name\":\"staff@chafadouproductions.com\",\"image\":{\"@type\":\"ImageObject\",\"inLanguage\":\"fr-FR\",\"@id\":\"https:\/\/lakermesse.fr\/nice\/#\/schema\/person\/image\/\",\"url\":\"https:\/\/secure.gravatar.com\/avatar\/cf9823f03acf6dde106cd618aadd582ebe0653ab31839de49d14e0db474112f7?s=96&d=mm&r=g\",\"contentUrl\":\"https:\/\/secure.gravatar.com\/avatar\/cf9823f03acf6dde106cd618aadd582ebe0653ab31839de49d14e0db474112f7?s=96&d=mm&r=g\",\"caption\":\"staff@chafadouproductions.com\"},\"url\":\"https:\/\/lakermesse.fr\/nice\/author\/staffchafadouproductions-com\/\"}]}<\/script>\n<!-- \/ Yoast SEO plugin. -->","yoast_head_json":{"title":"Ton gobelet r\u00e9utilisable La Kermesse ! On te raconte comment \u00e7a marche ! - La Kermesse - Nice","robots":{"index":"index","follow":"follow","max-snippet":"max-snippet:-1","max-image-preview":"max-image-preview:large","max-video-preview":"max-video-preview:-1"},"canonical":"https:\/\/lakermesse.fr\/nice\/2024\/10\/ton-gobelet-reutilisable-la-kermesse-on-te-raconte-comment-ca-marche\/","og_locale":"fr_FR","og_type":"article","og_title":"Ton gobelet r\u00e9utilisable La Kermesse ! On te raconte comment \u00e7a marche ! - La Kermesse - Nice","og_description":"Des gobelets r\u00e9utilisables pour un festival \u00e9co-responsable ! Dans notre d\u00e9marche de r\u00e9duction des d\u00e9chets, nous avons mis en place un syst\u00e8me de gobelets r\u00e9utilisables lors de vos achats au bar. Lors de votre premier achat de boisson, un gobelet r\u00e9utilisable vous sera remis pour 1\u20ac en suppl\u00e9ment du prix de la boisson. Ce gobelet [&hellip;]","og_url":"https:\/\/lakermesse.fr\/nice\/2024\/10\/ton-gobelet-reutilisable-la-kermesse-on-te-raconte-comment-ca-marche\/","og_site_name":"La Kermesse - Nice","article_published_time":"2024-10-14T12:59:59+00:00","article_modified_time":"2024-10-23T20:16:17+00:00","og_image":[{"width":2560,"height":1709,"url":"https:\/\/lakermesse.fr\/nice\/wp-content\/uploads\/2024\/10\/DSC06434-scaled.jpg","type":"image\/jpeg"}],"author":"staff@chafadouproductions.com","twitter_card":"summary_large_image","twitter_misc":{"\u00c9crit par":"staff@chafadouproductions.com","Dur\u00e9e de lecture estim\u00e9e":"2 minutes"},"schema":{"@context":"https:\/\/schema.org","@graph":[{"@type":"WebPage","@id":"https:\/\/lakermesse.fr\/nice\/2024\/10\/ton-gobelet-reutilisable-la-kermesse-on-te-raconte-comment-ca-marche\/","url":"https:\/\/lakermesse.fr\/nice\/2024\/10\/ton-gobelet-reutilisable-la-kermesse-on-te-raconte-comment-ca-marche\/","name":"Ton gobelet r\u00e9utilisable La Kermesse ! On te raconte comment \u00e7a marche ! - La Kermesse - Nice","isPartOf":{"@id":"https:\/\/lakermesse.fr\/nice\/#website"},"primaryImageOfPage":{"@id":"https:\/\/lakermesse.fr\/nice\/2024\/10\/ton-gobelet-reutilisable-la-kermesse-on-te-raconte-comment-ca-marche\/#primaryimage"},"image":{"@id":"https:\/\/lakermesse.fr\/nice\/2024\/10\/ton-gobelet-reutilisable-la-kermesse-on-te-raconte-comment-ca-marche\/#primaryimage"},"thumbnailUrl":"https:\/\/lakermesse.fr\/nice\/wp-content\/uploads\/2024\/10\/DSC06434-scaled.jpg","datePublished":"2024-10-14T12:59:59+00:00","dateModified":"2024-10-23T20:16:17+00:00","author":{"@id":"https:\/\/lakermesse.fr\/nice\/#\/schema\/person\/da2be0b972873a695ae2720c19b73acd"},"breadcrumb":{"@id":"https:\/\/lakermesse.fr\/nice\/2024\/10\/ton-gobelet-reutilisable-la-kermesse-on-te-raconte-comment-ca-marche\/#breadcrumb"},"inLanguage":"fr-FR","potentialAction":[{"@type":"ReadAction","target":["https:\/\/lakermesse.fr\/nice\/2024\/10\/ton-gobelet-reutilisable-la-kermesse-on-te-raconte-comment-ca-marche\/"]}]},{"@type":"ImageObject","inLanguage":"fr-FR","@id":"https:\/\/lakermesse.fr\/nice\/2024\/10\/ton-gobelet-reutilisable-la-kermesse-on-te-raconte-comment-ca-marche\/#primaryimage","url":"https:\/\/lakermesse.fr\/nice\/wp-content\/uploads\/2024\/10\/DSC06434-scaled.jpg","contentUrl":"https:\/\/lakermesse.fr\/nice\/wp-content\/uploads\/2024\/10\/DSC06434-scaled.jpg","width":2560,"height":1709},{"@type":"BreadcrumbList","@id":"https:\/\/lakermesse.fr\/nice\/2024\/10\/ton-gobelet-reutilisable-la-kermesse-on-te-raconte-comment-ca-marche\/#breadcrumb","itemListElement":[{"@type":"ListItem","position":1,"name":"Accueil","item":"https:\/\/lakermesse.fr\/nice\/"},{"@type":"ListItem","position":2,"name":"Ton gobelet r\u00e9utilisable La Kermesse ! On te raconte comment \u00e7a marche !"}]},{"@type":"WebSite","@id":"https:\/\/lakermesse.fr\/nice\/#website","url":"https:\/\/lakermesse.fr\/nice\/","name":"La Kermesse Toulouse - 14, 15 & 16 ao\u00fbt 2025","description":"","potentialAction":[{"@type":"SearchAction","target":{"@type":"EntryPoint","urlTemplate":"https:\/\/lakermesse.fr\/nice\/?s={search_term_string}"},"query-input":"required name=search_term_string"}],"inLanguage":"fr-FR"},{"@type":"Person","@id":"https:\/\/lakermesse.fr\/nice\/#\/schema\/person\/da2be0b972873a695ae2720c19b73acd","name":"staff@chafadouproductions.com","image":{"@type":"ImageObject","inLanguage":"fr-FR","@id":"https:\/\/lakermesse.fr\/nice\/#\/schema\/person\/image\/","url":"https:\/\/secure.gravatar.com\/avatar\/cf9823f03acf6dde106cd618aadd582ebe0653ab31839de49d14e0db474112f7?s=96&d=mm&r=g","contentUrl":"https:\/\/secure.gravatar.com\/avatar\/cf9823f03acf6dde106cd618aadd582ebe0653ab31839de49d14e0db474112f7?s=96&d=mm&r=g","caption":"staff@chafadouproductions.com"},"url":"https:\/\/lakermesse.fr\/nice\/author\/staffchafadouproductions-com\/"}]}},"jetpack_sharing_enabled":true,"jetpack_featured_media_url":"https:\/\/lakermesse.fr\/nice\/wp-content\/uploads\/2024\/10\/DSC06434-scaled.jpg","_links":{"self":[{"href":"https:\/\/lakermesse.fr\/nice\/wp-json\/wp\/v2\/posts\/730","targetHints":{"allow":["GET"]}}],"collection":[{"href":"https:\/\/lakermesse.fr\/nice\/wp-json\/wp\/v2\/posts"}],"about":[{"href":"https:\/\/lakermesse.fr\/nice\/wp-json\/wp\/v2\/types\/post"}],"author":[{"embeddable":true,"href":"https:\/\/lakermesse.fr\/nice\/wp-json\/wp\/v2\/users\/4"}],"replies":[{"embeddable":true,"href":"https:\/\/lakermesse.fr\/nice\/wp-json\/wp\/v2\/comments?post=730"}],"version-history":[{"count":2,"href":"https:\/\/lakermesse.fr\/nice\/wp-json\/wp\/v2\/posts\/730\/revisions"}],"predecessor-version":[{"id":895,"href":"https:\/\/lakermesse.fr\/nice\/wp-json\/wp\/v2\/posts\/730\/revisions\/895"}],"wp:featuredmedia":[{"embeddable":true,"href":"https:\/\/lakermesse.fr\/nice\/wp-json\/wp\/v2\/media\/740"}],"wp:attachment":[{"href":"https:\/\/lakermesse.fr\/nice\/wp-json\/wp\/v2\/media?parent=730"}],"wp:term":[{"taxonomy":"category","embeddable":true,"href":"https:\/\/lakermesse.fr\/nice\/wp-json\/wp\/v2\/categories?post=730"},{"taxonomy":"post_tag","embeddable":true,"href":"https:\/\/lakermesse.fr\/nice\/wp-json\/wp\/v2\/tags?post=730"}],"curies":[{"name":"wp","href":"https:\/\/api.w.org\/{rel}","templated":true}]}}