{"id":743,"date":"2024-10-14T15:02:50","date_gmt":"2024-10-14T13:02:50","guid":{"rendered":"https:\/\/lakermesse.fr\/nice\/?p=743"},"modified":"2024-12-18T11:52:25","modified_gmt":"2024-12-18T10:52:25","slug":"attention-ces-objets-que-tu-nas-pas-le-droit-dapporter-au-festival","status":"publish","type":"post","link":"https:\/\/lakermesse.fr\/nice\/2024\/10\/attention-ces-objets-que-tu-nas-pas-le-droit-dapporter-au-festival\/","title":{"rendered":"Attention ! Ces objets que tu n&rsquo;as pas le droit d&rsquo;apporter au festival &#8230;"},"content":{"rendered":"<ul>\n<li>\n<h5>OBJETS INTERDITS<\/h5>\n<\/li>\n<\/ul>\n<p>Armes \u00e0 feu, toutes munitions et armes factices \/ Valises et sac \u00e0 dos (max 24 L 24cmx45cm ) \/ M\u00e9gaphones \/ corne de brume Lasers \/ Dr\u00f4nes \/ Bouteilles ou gourde en verre \/ Bouteille plastique \/ Objets tranchants, contondants, coupants \/\u00a0Bouteille de gaz \/ Animaux \/ Parapluies \/ Ombrelles \u00e0 bouts pointus \/ Bo\u00eetes en m\u00e9tal \/\u00a0Produits chimiques \/ Produits inflammables \/ Nourriture \/ Appareils photo et cam\u00e9ras de types professionnels \/ Feux d\u2019artifices \/ P\u00e9tards \/ Gaz lacrymog\u00e8ne \/ Fumig\u00e8nes \/ Bougies \/ Chaises &amp; tables pliables \/ Casque de moto \/ Perches \u00e0 selfies \/ Bombes a\u00e9rosol \/ V\u00e9los, skates, trottinettes \/ Stup\u00e9fiants et Alcool Enceinte portative \/ Signes ou banderoles de nature politique, id\u00e9ologique, religieuse ou publicitaire \/ Cr\u00e8me solaire de plus de 30cl \/ Lampes frontales, lampes de poche \/ Tout type de d\u00e9odorant \/<\/p>\n<p>Les objets interdits seront mis au rebut par le propri\u00e9taire lui-m\u00eame, ou d\u00e9pos\u00e9s en consigne au lockers payants sous r\u00e9serve de disponibilit\u00e9.<\/p>\n<ul>\n<li>\n<h5>OBJETS AUTORIS\u00c9S<\/h5>\n<\/li>\n<\/ul>\n<p>Gourdes vides de moins de 50cl \/\u00a0Cr\u00e8me solaire 30cl max \/ Polaroids, appareil photo jetable \/ Batterie de t\u00e9l\u00e9phone portable \/ Sac \u00e0 main, tote-bag, sac \u00e0 dos (max 24 L 24cmx45cm) de, bananes \/ M\u00e9dicaments (Sous r\u00e9serve de validation du m\u00e9decin sur place) Parapluie compact pliant \/ Liste PSH casque anti bruit pilulier m\u00e9dicament sur ordonnance \/ Gobelet Ecocup de l\u2019\u00e9dition de la Kermesse en cours.<\/p>\n<p>Des consignes payantes sont propos\u00e9es pour y d\u00e9poser vos affaires interdites sur site.<\/p>\n<p>&nbsp;<\/p>\n<h5 style=\"text-align: right;\"><span class=\"text-third\">Gros bisous !\u00a0<\/span><\/h5>\n<h5 style=\"text-align: right;\"><span class=\"text-third\">La Kermesse\u00a0<\/span><\/h5>\n","protected":false},"excerpt":{"rendered":"<p>OBJETS INTERDITS Armes \u00e0 feu, toutes munitions et armes factices \/ Valises et sac \u00e0 dos (max 24 L 24cmx45cm ) \/ M\u00e9gaphones \/ corne de brume Lasers \/ Dr\u00f4nes \/ Bouteilles ou gourde en verre \/ Bouteille plastique \/ Objets tranchants, contondants, coupants \/\u00a0Bouteille de gaz \/ Animaux \/ Parapluies \/ Ombrelles \u00e0 bouts [&hellip;]<\/p>\n","protected":false},"author":4,"featured_media":744,"comment_status":"closed","ping_status":"closed","sticky":false,"template":"","format":"standard","meta":{"_acf_changed":false,"_jetpack_memberships_contains_paid_content":false,"footnotes":""},"categories":[6],"tags":[12],"class_list":["post-743","post","type-post","status-publish","format-standard","has-post-thumbnail","hentry","category-quo","tag-deleniti"],"acf":[],"yoast_head":"<!-- This site is optimized with the Yoast SEO plugin v22.4 - https:\/\/yoast.com\/wordpress\/plugins\/seo\/ -->\n<title>Attention ! Ces objets que tu n&#039;as pas le droit d&#039;apporter au festival ... - La Kermesse - Nice<\/title>\n<meta name=\"robots\" content=\"index, follow, max-snippet:-1, max-image-preview:large, max-video-preview:-1\" \/>\n<link rel=\"canonical\" href=\"https:\/\/lakermesse.fr\/nice\/2024\/10\/attention-ces-objets-que-tu-nas-pas-le-droit-dapporter-au-festival\/\" \/>\n<meta property=\"og:locale\" content=\"fr_FR\" \/>\n<meta property=\"og:type\" content=\"article\" \/>\n<meta property=\"og:title\" content=\"Attention ! Ces objets que tu n&#039;as pas le droit d&#039;apporter au festival ... - La Kermesse - Nice\" \/>\n<meta property=\"og:description\" content=\"OBJETS INTERDITS Armes \u00e0 feu, toutes munitions et armes factices \/ Valises et sac \u00e0 dos (max 24 L 24cmx45cm ) \/ M\u00e9gaphones \/ corne de brume Lasers \/ Dr\u00f4nes \/ Bouteilles ou gourde en verre \/ Bouteille plastique \/ Objets tranchants, contondants, coupants \/\u00a0Bouteille de gaz \/ Animaux \/ Parapluies \/ Ombrelles \u00e0 bouts [&hellip;]\" \/>\n<meta property=\"og:url\" content=\"https:\/\/lakermesse.fr\/nice\/2024\/10\/attention-ces-objets-que-tu-nas-pas-le-droit-dapporter-au-festival\/\" \/>\n<meta property=\"og:site_name\" content=\"La Kermesse - Nice\" \/>\n<meta property=\"article:published_time\" content=\"2024-10-14T13:02:50+00:00\" \/>\n<meta property=\"article:modified_time\" content=\"2024-12-18T10:52:25+00:00\" \/>\n<meta property=\"og:image\" content=\"https:\/\/lakermesse.fr\/nice\/wp-content\/uploads\/2024\/10\/DSC01143-scaled.jpg\" \/>\n\t<meta property=\"og:image:width\" content=\"1707\" \/>\n\t<meta property=\"og:image:height\" content=\"2560\" \/>\n\t<meta property=\"og:image:type\" content=\"image\/jpeg\" \/>\n<meta name=\"author\" content=\"staff@chafadouproductions.com\" \/>\n<meta name=\"twitter:card\" content=\"summary_large_image\" \/>\n<meta name=\"twitter:label1\" content=\"\u00c9crit par\" \/>\n\t<meta name=\"twitter:data1\" content=\"staff@chafadouproductions.com\" \/>\n\t<meta name=\"twitter:label2\" content=\"Dur\u00e9e de lecture estim\u00e9e\" \/>\n\t<meta name=\"twitter:data2\" content=\"2 minutes\" \/>\n<script type=\"application\/ld+json\" class=\"yoast-schema-graph\">{\"@context\":\"https:\/\/schema.org\",\"@graph\":[{\"@type\":\"WebPage\",\"@id\":\"https:\/\/lakermesse.fr\/nice\/2024\/10\/attention-ces-objets-que-tu-nas-pas-le-droit-dapporter-au-festival\/\",\"url\":\"https:\/\/lakermesse.fr\/nice\/2024\/10\/attention-ces-objets-que-tu-nas-pas-le-droit-dapporter-au-festival\/\",\"name\":\"Attention ! Ces objets que tu n'as pas le droit d'apporter au festival ... - La Kermesse - Nice\",\"isPartOf\":{\"@id\":\"https:\/\/lakermesse.fr\/nice\/#website\"},\"primaryImageOfPage\":{\"@id\":\"https:\/\/lakermesse.fr\/nice\/2024\/10\/attention-ces-objets-que-tu-nas-pas-le-droit-dapporter-au-festival\/#primaryimage\"},\"image\":{\"@id\":\"https:\/\/lakermesse.fr\/nice\/2024\/10\/attention-ces-objets-que-tu-nas-pas-le-droit-dapporter-au-festival\/#primaryimage\"},\"thumbnailUrl\":\"https:\/\/lakermesse.fr\/nice\/wp-content\/uploads\/2024\/10\/DSC01143-scaled.jpg\",\"datePublished\":\"2024-10-14T13:02:50+00:00\",\"dateModified\":\"2024-12-18T10:52:25+00:00\",\"author\":{\"@id\":\"https:\/\/lakermesse.fr\/nice\/#\/schema\/person\/da2be0b972873a695ae2720c19b73acd\"},\"breadcrumb\":{\"@id\":\"https:\/\/lakermesse.fr\/nice\/2024\/10\/attention-ces-objets-que-tu-nas-pas-le-droit-dapporter-au-festival\/#breadcrumb\"},\"inLanguage\":\"fr-FR\",\"potentialAction\":[{\"@type\":\"ReadAction\",\"target\":[\"https:\/\/lakermesse.fr\/nice\/2024\/10\/attention-ces-objets-que-tu-nas-pas-le-droit-dapporter-au-festival\/\"]}]},{\"@type\":\"ImageObject\",\"inLanguage\":\"fr-FR\",\"@id\":\"https:\/\/lakermesse.fr\/nice\/2024\/10\/attention-ces-objets-que-tu-nas-pas-le-droit-dapporter-au-festival\/#primaryimage\",\"url\":\"https:\/\/lakermesse.fr\/nice\/wp-content\/uploads\/2024\/10\/DSC01143-scaled.jpg\",\"contentUrl\":\"https:\/\/lakermesse.fr\/nice\/wp-content\/uploads\/2024\/10\/DSC01143-scaled.jpg\",\"width\":1707,\"height\":2560},{\"@type\":\"BreadcrumbList\",\"@id\":\"https:\/\/lakermesse.fr\/nice\/2024\/10\/attention-ces-objets-que-tu-nas-pas-le-droit-dapporter-au-festival\/#breadcrumb\",\"itemListElement\":[{\"@type\":\"ListItem\",\"position\":1,\"name\":\"Accueil\",\"item\":\"https:\/\/lakermesse.fr\/nice\/\"},{\"@type\":\"ListItem\",\"position\":2,\"name\":\"Attention ! Ces objets que tu n&rsquo;as pas le droit d&rsquo;apporter au festival &#8230;\"}]},{\"@type\":\"WebSite\",\"@id\":\"https:\/\/lakermesse.fr\/nice\/#website\",\"url\":\"https:\/\/lakermesse.fr\/nice\/\",\"name\":\"La Kermesse Toulouse - 14, 15 & 16 ao\u00fbt 2025\",\"description\":\"\",\"potentialAction\":[{\"@type\":\"SearchAction\",\"target\":{\"@type\":\"EntryPoint\",\"urlTemplate\":\"https:\/\/lakermesse.fr\/nice\/?s={search_term_string}\"},\"query-input\":\"required name=search_term_string\"}],\"inLanguage\":\"fr-FR\"},{\"@type\":\"Person\",\"@id\":\"https:\/\/lakermesse.fr\/nice\/#\/schema\/person\/da2be0b972873a695ae2720c19b73acd\",\"name\":\"staff@chafadouproductions.com\",\"image\":{\"@type\":\"ImageObject\",\"inLanguage\":\"fr-FR\",\"@id\":\"https:\/\/lakermesse.fr\/nice\/#\/schema\/person\/image\/\",\"url\":\"https:\/\/secure.gravatar.com\/avatar\/cf9823f03acf6dde106cd618aadd582ebe0653ab31839de49d14e0db474112f7?s=96&d=mm&r=g\",\"contentUrl\":\"https:\/\/secure.gravatar.com\/avatar\/cf9823f03acf6dde106cd618aadd582ebe0653ab31839de49d14e0db474112f7?s=96&d=mm&r=g\",\"caption\":\"staff@chafadouproductions.com\"},\"url\":\"https:\/\/lakermesse.fr\/nice\/author\/staffchafadouproductions-com\/\"}]}<\/script>\n<!-- \/ Yoast SEO plugin. -->","yoast_head_json":{"title":"Attention ! Ces objets que tu n'as pas le droit d'apporter au festival ... - La Kermesse - Nice","robots":{"index":"index","follow":"follow","max-snippet":"max-snippet:-1","max-image-preview":"max-image-preview:large","max-video-preview":"max-video-preview:-1"},"canonical":"https:\/\/lakermesse.fr\/nice\/2024\/10\/attention-ces-objets-que-tu-nas-pas-le-droit-dapporter-au-festival\/","og_locale":"fr_FR","og_type":"article","og_title":"Attention ! Ces objets que tu n'as pas le droit d'apporter au festival ... - La Kermesse - Nice","og_description":"OBJETS INTERDITS Armes \u00e0 feu, toutes munitions et armes factices \/ Valises et sac \u00e0 dos (max 24 L 24cmx45cm ) \/ M\u00e9gaphones \/ corne de brume Lasers \/ Dr\u00f4nes \/ Bouteilles ou gourde en verre \/ Bouteille plastique \/ Objets tranchants, contondants, coupants \/\u00a0Bouteille de gaz \/ Animaux \/ Parapluies \/ Ombrelles \u00e0 bouts [&hellip;]","og_url":"https:\/\/lakermesse.fr\/nice\/2024\/10\/attention-ces-objets-que-tu-nas-pas-le-droit-dapporter-au-festival\/","og_site_name":"La Kermesse - Nice","article_published_time":"2024-10-14T13:02:50+00:00","article_modified_time":"2024-12-18T10:52:25+00:00","og_image":[{"width":1707,"height":2560,"url":"https:\/\/lakermesse.fr\/nice\/wp-content\/uploads\/2024\/10\/DSC01143-scaled.jpg","type":"image\/jpeg"}],"author":"staff@chafadouproductions.com","twitter_card":"summary_large_image","twitter_misc":{"\u00c9crit par":"staff@chafadouproductions.com","Dur\u00e9e de lecture estim\u00e9e":"2 minutes"},"schema":{"@context":"https:\/\/schema.org","@graph":[{"@type":"WebPage","@id":"https:\/\/lakermesse.fr\/nice\/2024\/10\/attention-ces-objets-que-tu-nas-pas-le-droit-dapporter-au-festival\/","url":"https:\/\/lakermesse.fr\/nice\/2024\/10\/attention-ces-objets-que-tu-nas-pas-le-droit-dapporter-au-festival\/","name":"Attention ! Ces objets que tu n'as pas le droit d'apporter au festival ... - La Kermesse - Nice","isPartOf":{"@id":"https:\/\/lakermesse.fr\/nice\/#website"},"primaryImageOfPage":{"@id":"https:\/\/lakermesse.fr\/nice\/2024\/10\/attention-ces-objets-que-tu-nas-pas-le-droit-dapporter-au-festival\/#primaryimage"},"image":{"@id":"https:\/\/lakermesse.fr\/nice\/2024\/10\/attention-ces-objets-que-tu-nas-pas-le-droit-dapporter-au-festival\/#primaryimage"},"thumbnailUrl":"https:\/\/lakermesse.fr\/nice\/wp-content\/uploads\/2024\/10\/DSC01143-scaled.jpg","datePublished":"2024-10-14T13:02:50+00:00","dateModified":"2024-12-18T10:52:25+00:00","author":{"@id":"https:\/\/lakermesse.fr\/nice\/#\/schema\/person\/da2be0b972873a695ae2720c19b73acd"},"breadcrumb":{"@id":"https:\/\/lakermesse.fr\/nice\/2024\/10\/attention-ces-objets-que-tu-nas-pas-le-droit-dapporter-au-festival\/#breadcrumb"},"inLanguage":"fr-FR","potentialAction":[{"@type":"ReadAction","target":["https:\/\/lakermesse.fr\/nice\/2024\/10\/attention-ces-objets-que-tu-nas-pas-le-droit-dapporter-au-festival\/"]}]},{"@type":"ImageObject","inLanguage":"fr-FR","@id":"https:\/\/lakermesse.fr\/nice\/2024\/10\/attention-ces-objets-que-tu-nas-pas-le-droit-dapporter-au-festival\/#primaryimage","url":"https:\/\/lakermesse.fr\/nice\/wp-content\/uploads\/2024\/10\/DSC01143-scaled.jpg","contentUrl":"https:\/\/lakermesse.fr\/nice\/wp-content\/uploads\/2024\/10\/DSC01143-scaled.jpg","width":1707,"height":2560},{"@type":"BreadcrumbList","@id":"https:\/\/lakermesse.fr\/nice\/2024\/10\/attention-ces-objets-que-tu-nas-pas-le-droit-dapporter-au-festival\/#breadcrumb","itemListElement":[{"@type":"ListItem","position":1,"name":"Accueil","item":"https:\/\/lakermesse.fr\/nice\/"},{"@type":"ListItem","position":2,"name":"Attention ! Ces objets que tu n&rsquo;as pas le droit d&rsquo;apporter au festival &#8230;"}]},{"@type":"WebSite","@id":"https:\/\/lakermesse.fr\/nice\/#website","url":"https:\/\/lakermesse.fr\/nice\/","name":"La Kermesse Toulouse - 14, 15 & 16 ao\u00fbt 2025","description":"","potentialAction":[{"@type":"SearchAction","target":{"@type":"EntryPoint","urlTemplate":"https:\/\/lakermesse.fr\/nice\/?s={search_term_string}"},"query-input":"required name=search_term_string"}],"inLanguage":"fr-FR"},{"@type":"Person","@id":"https:\/\/lakermesse.fr\/nice\/#\/schema\/person\/da2be0b972873a695ae2720c19b73acd","name":"staff@chafadouproductions.com","image":{"@type":"ImageObject","inLanguage":"fr-FR","@id":"https:\/\/lakermesse.fr\/nice\/#\/schema\/person\/image\/","url":"https:\/\/secure.gravatar.com\/avatar\/cf9823f03acf6dde106cd618aadd582ebe0653ab31839de49d14e0db474112f7?s=96&d=mm&r=g","contentUrl":"https:\/\/secure.gravatar.com\/avatar\/cf9823f03acf6dde106cd618aadd582ebe0653ab31839de49d14e0db474112f7?s=96&d=mm&r=g","caption":"staff@chafadouproductions.com"},"url":"https:\/\/lakermesse.fr\/nice\/author\/staffchafadouproductions-com\/"}]}},"jetpack_sharing_enabled":true,"jetpack_featured_media_url":"https:\/\/lakermesse.fr\/nice\/wp-content\/uploads\/2024\/10\/DSC01143-scaled.jpg","_links":{"self":[{"href":"https:\/\/lakermesse.fr\/nice\/wp-json\/wp\/v2\/posts\/743","targetHints":{"allow":["GET"]}}],"collection":[{"href":"https:\/\/lakermesse.fr\/nice\/wp-json\/wp\/v2\/posts"}],"about":[{"href":"https:\/\/lakermesse.fr\/nice\/wp-json\/wp\/v2\/types\/post"}],"author":[{"embeddable":true,"href":"https:\/\/lakermesse.fr\/nice\/wp-json\/wp\/v2\/users\/4"}],"replies":[{"embeddable":true,"href":"https:\/\/lakermesse.fr\/nice\/wp-json\/wp\/v2\/comments?post=743"}],"version-history":[{"count":3,"href":"https:\/\/lakermesse.fr\/nice\/wp-json\/wp\/v2\/posts\/743\/revisions"}],"predecessor-version":[{"id":1695,"href":"https:\/\/lakermesse.fr\/nice\/wp-json\/wp\/v2\/posts\/743\/revisions\/1695"}],"wp:featuredmedia":[{"embeddable":true,"href":"https:\/\/lakermesse.fr\/nice\/wp-json\/wp\/v2\/media\/744"}],"wp:attachment":[{"href":"https:\/\/lakermesse.fr\/nice\/wp-json\/wp\/v2\/media?parent=743"}],"wp:term":[{"taxonomy":"category","embeddable":true,"href":"https:\/\/lakermesse.fr\/nice\/wp-json\/wp\/v2\/categories?post=743"},{"taxonomy":"post_tag","embeddable":true,"href":"https:\/\/lakermesse.fr\/nice\/wp-json\/wp\/v2\/tags?post=743"}],"curies":[{"name":"wp","href":"https:\/\/api.w.org\/{rel}","templated":true}]}}