{"id":759,"date":"2024-10-20T23:06:57","date_gmt":"2024-10-20T21:06:57","guid":{"rendered":"https:\/\/lakermesse.fr\/nice\/?p=759"},"modified":"2024-11-24T17:36:22","modified_gmt":"2024-11-24T16:36:22","slug":"pmr-personnes-enceintes-enfants-bienvenue","status":"publish","type":"post","link":"https:\/\/lakermesse.fr\/nice\/2024\/10\/pmr-personnes-enceintes-enfants-bienvenue\/","title":{"rendered":"PMR, personnes enceintes, enfants : bienvenue mais attention !"},"content":{"rendered":"<p><b>Accessibilit\u00e9 pour tous \u00e0 La Kermesse Festival<\/b><b><\/b><\/p>\n<p>Nous souhaitons que la Kermesse soit un lieu o\u00f9 chacun puisse profiter pleinement de l\u2019exp\u00e9rience, y compris les personnes \u00e0 mobilit\u00e9 r\u00e9duite et les femmes enceintes.<\/p>\n<p><b>Acc\u00e8s adapt\u00e9 :<\/b><b><\/b><\/p>\n<p>Des zones d\u00e9limit\u00e9es et facilement accessibles seront mises en place pour garantir une mobilit\u00e9 sans encombre.<\/p>\n<p><b>Confort et assistance :<\/b><b><\/b><\/p>\n<p>Un festival accessible, ainsi que des sanitaires adapt\u00e9s seront disponibles. Les femmes enceintes b\u00e9n\u00e9ficieront d\u2019un acc\u00e8s prioritaire \u00e0 l&rsquo;entr\u00e9e.<\/p>\n<p>Nous nous engageons \u00e0 rendre ce festival inclusif et accueillant pour tous. N\u2019h\u00e9sitez pas \u00e0 nous contacter \u00e0 l\u2019avance pour toute information ou assistance suppl\u00e9mentaire.<\/p>\n<p>Nous ne pouvons malheureusement pas offrir de tarifs r\u00e9duits sp\u00e9cifiques pour les personnes \u00e0 mobilit\u00e9 r\u00e9duite, les enfants ou les \u00e9tudiants.<\/p>\n<p>Nous comprenons que cela puisse \u00eatre une d\u00e9ception, mais nous tenons \u00e0 rappeler que nos tarifs ont \u00e9t\u00e9 \u00e9tablis pour rester accessibles tout en permettant au festival de perdurer et de se d\u00e9velopper. Soyez assur\u00e9s que nous mettons tout en \u0153uvre pour vous accueillir dans les meilleures conditions possibles, avec des espaces adapt\u00e9s et un accueil chaleureux.<\/p>\n<p>Pour des raisons de s\u00e9curit\u00e9, l\u2019apport de chaises est formellement interdit sur le site du festival. En effet, la forte affluence et l\u2019ambiance dynamique de l\u2019\u00e9v\u00e9nement peuvent rendre certaines zones plus restreintes, et nous souhaitons \u00e9viter tout risque pour votre s\u00e9curit\u00e9 et celle des autres festivaliers.<\/p>\n<p>Si vous \u00eates enceinte, nous vous encourageons vivement \u00e0 consulter un m\u00e9decin avant l&rsquo;\u00e9v\u00e9nement pour vous assurer que la dur\u00e9e et l\u2019intensit\u00e9 du festival ne pr\u00e9sentent aucun danger pour vous et votre enfant. Votre sant\u00e9 et votre s\u00e9curit\u00e9 sont notre priorit\u00e9, alors prenez bien soin de vous.<\/p>\n<p>Merci de votre compr\u00e9hension et au plaisir de vous retrouver pour partager ensemble des moments inoubliables !<\/p>\n<p>&nbsp;<\/p>\n<h5 style=\"text-align: right;\"><span class=\"text-third\">Gros bisous !\u00a0<\/span><\/h5>\n<h5 style=\"text-align: right;\"><span class=\"text-third\">La Kermesse\u00a0<\/span><\/h5>\n","protected":false},"excerpt":{"rendered":"<p>Accessibilit\u00e9 pour tous \u00e0 La Kermesse Festival Nous souhaitons que la Kermesse soit un lieu o\u00f9 chacun puisse profiter pleinement de l\u2019exp\u00e9rience, y compris les personnes \u00e0 mobilit\u00e9 r\u00e9duite et les femmes enceintes. Acc\u00e8s adapt\u00e9 : Des zones d\u00e9limit\u00e9es et facilement accessibles seront mises en place pour garantir une mobilit\u00e9 sans encombre. Confort et assistance [&hellip;]<\/p>\n","protected":false},"author":4,"featured_media":760,"comment_status":"closed","ping_status":"closed","sticky":false,"template":"","format":"standard","meta":{"_acf_changed":false,"_jetpack_memberships_contains_paid_content":false,"footnotes":""},"categories":[6],"tags":[12],"class_list":["post-759","post","type-post","status-publish","format-standard","has-post-thumbnail","hentry","category-quo","tag-deleniti"],"acf":[],"yoast_head":"<!-- This site is optimized with the Yoast SEO plugin v22.4 - https:\/\/yoast.com\/wordpress\/plugins\/seo\/ -->\n<title>PMR, personnes enceintes, enfants : bienvenue mais attention ! - La Kermesse - Nice<\/title>\n<meta name=\"robots\" content=\"index, follow, max-snippet:-1, max-image-preview:large, max-video-preview:-1\" \/>\n<link rel=\"canonical\" href=\"https:\/\/lakermesse.fr\/nice\/2024\/10\/pmr-personnes-enceintes-enfants-bienvenue\/\" \/>\n<meta property=\"og:locale\" content=\"fr_FR\" \/>\n<meta property=\"og:type\" content=\"article\" \/>\n<meta property=\"og:title\" content=\"PMR, personnes enceintes, enfants : bienvenue mais attention ! - La Kermesse - Nice\" \/>\n<meta property=\"og:description\" content=\"Accessibilit\u00e9 pour tous \u00e0 La Kermesse Festival Nous souhaitons que la Kermesse soit un lieu o\u00f9 chacun puisse profiter pleinement de l\u2019exp\u00e9rience, y compris les personnes \u00e0 mobilit\u00e9 r\u00e9duite et les femmes enceintes. Acc\u00e8s adapt\u00e9 : Des zones d\u00e9limit\u00e9es et facilement accessibles seront mises en place pour garantir une mobilit\u00e9 sans encombre. Confort et assistance [&hellip;]\" \/>\n<meta property=\"og:url\" content=\"https:\/\/lakermesse.fr\/nice\/2024\/10\/pmr-personnes-enceintes-enfants-bienvenue\/\" \/>\n<meta property=\"og:site_name\" content=\"La Kermesse - Nice\" \/>\n<meta property=\"article:published_time\" content=\"2024-10-20T21:06:57+00:00\" \/>\n<meta property=\"article:modified_time\" content=\"2024-11-24T16:36:22+00:00\" \/>\n<meta property=\"og:image\" content=\"https:\/\/lakermesse.fr\/nice\/wp-content\/uploads\/2024\/10\/DSC02358-scaled.jpg\" \/>\n\t<meta property=\"og:image:width\" content=\"2560\" \/>\n\t<meta property=\"og:image:height\" content=\"1707\" \/>\n\t<meta property=\"og:image:type\" content=\"image\/jpeg\" \/>\n<meta name=\"author\" content=\"staff@chafadouproductions.com\" \/>\n<meta name=\"twitter:card\" content=\"summary_large_image\" \/>\n<meta name=\"twitter:label1\" content=\"\u00c9crit par\" \/>\n\t<meta name=\"twitter:data1\" content=\"staff@chafadouproductions.com\" \/>\n\t<meta name=\"twitter:label2\" content=\"Dur\u00e9e de lecture estim\u00e9e\" \/>\n\t<meta name=\"twitter:data2\" content=\"2 minutes\" \/>\n<script type=\"application\/ld+json\" class=\"yoast-schema-graph\">{\"@context\":\"https:\/\/schema.org\",\"@graph\":[{\"@type\":\"WebPage\",\"@id\":\"https:\/\/lakermesse.fr\/nice\/2024\/10\/pmr-personnes-enceintes-enfants-bienvenue\/\",\"url\":\"https:\/\/lakermesse.fr\/nice\/2024\/10\/pmr-personnes-enceintes-enfants-bienvenue\/\",\"name\":\"PMR, personnes enceintes, enfants : bienvenue mais attention ! - La Kermesse - Nice\",\"isPartOf\":{\"@id\":\"https:\/\/lakermesse.fr\/nice\/#website\"},\"primaryImageOfPage\":{\"@id\":\"https:\/\/lakermesse.fr\/nice\/2024\/10\/pmr-personnes-enceintes-enfants-bienvenue\/#primaryimage\"},\"image\":{\"@id\":\"https:\/\/lakermesse.fr\/nice\/2024\/10\/pmr-personnes-enceintes-enfants-bienvenue\/#primaryimage\"},\"thumbnailUrl\":\"https:\/\/lakermesse.fr\/nice\/wp-content\/uploads\/2024\/10\/DSC02358-scaled.jpg\",\"datePublished\":\"2024-10-20T21:06:57+00:00\",\"dateModified\":\"2024-11-24T16:36:22+00:00\",\"author\":{\"@id\":\"https:\/\/lakermesse.fr\/nice\/#\/schema\/person\/da2be0b972873a695ae2720c19b73acd\"},\"breadcrumb\":{\"@id\":\"https:\/\/lakermesse.fr\/nice\/2024\/10\/pmr-personnes-enceintes-enfants-bienvenue\/#breadcrumb\"},\"inLanguage\":\"fr-FR\",\"potentialAction\":[{\"@type\":\"ReadAction\",\"target\":[\"https:\/\/lakermesse.fr\/nice\/2024\/10\/pmr-personnes-enceintes-enfants-bienvenue\/\"]}]},{\"@type\":\"ImageObject\",\"inLanguage\":\"fr-FR\",\"@id\":\"https:\/\/lakermesse.fr\/nice\/2024\/10\/pmr-personnes-enceintes-enfants-bienvenue\/#primaryimage\",\"url\":\"https:\/\/lakermesse.fr\/nice\/wp-content\/uploads\/2024\/10\/DSC02358-scaled.jpg\",\"contentUrl\":\"https:\/\/lakermesse.fr\/nice\/wp-content\/uploads\/2024\/10\/DSC02358-scaled.jpg\",\"width\":2560,\"height\":1707},{\"@type\":\"BreadcrumbList\",\"@id\":\"https:\/\/lakermesse.fr\/nice\/2024\/10\/pmr-personnes-enceintes-enfants-bienvenue\/#breadcrumb\",\"itemListElement\":[{\"@type\":\"ListItem\",\"position\":1,\"name\":\"Accueil\",\"item\":\"https:\/\/lakermesse.fr\/nice\/\"},{\"@type\":\"ListItem\",\"position\":2,\"name\":\"PMR, personnes enceintes, enfants : bienvenue mais attention !\"}]},{\"@type\":\"WebSite\",\"@id\":\"https:\/\/lakermesse.fr\/nice\/#website\",\"url\":\"https:\/\/lakermesse.fr\/nice\/\",\"name\":\"La Kermesse Toulouse - 14, 15 & 16 ao\u00fbt 2025\",\"description\":\"\",\"potentialAction\":[{\"@type\":\"SearchAction\",\"target\":{\"@type\":\"EntryPoint\",\"urlTemplate\":\"https:\/\/lakermesse.fr\/nice\/?s={search_term_string}\"},\"query-input\":\"required name=search_term_string\"}],\"inLanguage\":\"fr-FR\"},{\"@type\":\"Person\",\"@id\":\"https:\/\/lakermesse.fr\/nice\/#\/schema\/person\/da2be0b972873a695ae2720c19b73acd\",\"name\":\"staff@chafadouproductions.com\",\"image\":{\"@type\":\"ImageObject\",\"inLanguage\":\"fr-FR\",\"@id\":\"https:\/\/lakermesse.fr\/nice\/#\/schema\/person\/image\/\",\"url\":\"https:\/\/secure.gravatar.com\/avatar\/cf9823f03acf6dde106cd618aadd582ebe0653ab31839de49d14e0db474112f7?s=96&d=mm&r=g\",\"contentUrl\":\"https:\/\/secure.gravatar.com\/avatar\/cf9823f03acf6dde106cd618aadd582ebe0653ab31839de49d14e0db474112f7?s=96&d=mm&r=g\",\"caption\":\"staff@chafadouproductions.com\"},\"url\":\"https:\/\/lakermesse.fr\/nice\/author\/staffchafadouproductions-com\/\"}]}<\/script>\n<!-- \/ Yoast SEO plugin. -->","yoast_head_json":{"title":"PMR, personnes enceintes, enfants : bienvenue mais attention ! - La Kermesse - Nice","robots":{"index":"index","follow":"follow","max-snippet":"max-snippet:-1","max-image-preview":"max-image-preview:large","max-video-preview":"max-video-preview:-1"},"canonical":"https:\/\/lakermesse.fr\/nice\/2024\/10\/pmr-personnes-enceintes-enfants-bienvenue\/","og_locale":"fr_FR","og_type":"article","og_title":"PMR, personnes enceintes, enfants : bienvenue mais attention ! - La Kermesse - Nice","og_description":"Accessibilit\u00e9 pour tous \u00e0 La Kermesse Festival Nous souhaitons que la Kermesse soit un lieu o\u00f9 chacun puisse profiter pleinement de l\u2019exp\u00e9rience, y compris les personnes \u00e0 mobilit\u00e9 r\u00e9duite et les femmes enceintes. Acc\u00e8s adapt\u00e9 : Des zones d\u00e9limit\u00e9es et facilement accessibles seront mises en place pour garantir une mobilit\u00e9 sans encombre. Confort et assistance [&hellip;]","og_url":"https:\/\/lakermesse.fr\/nice\/2024\/10\/pmr-personnes-enceintes-enfants-bienvenue\/","og_site_name":"La Kermesse - Nice","article_published_time":"2024-10-20T21:06:57+00:00","article_modified_time":"2024-11-24T16:36:22+00:00","og_image":[{"width":2560,"height":1707,"url":"https:\/\/lakermesse.fr\/nice\/wp-content\/uploads\/2024\/10\/DSC02358-scaled.jpg","type":"image\/jpeg"}],"author":"staff@chafadouproductions.com","twitter_card":"summary_large_image","twitter_misc":{"\u00c9crit par":"staff@chafadouproductions.com","Dur\u00e9e de lecture estim\u00e9e":"2 minutes"},"schema":{"@context":"https:\/\/schema.org","@graph":[{"@type":"WebPage","@id":"https:\/\/lakermesse.fr\/nice\/2024\/10\/pmr-personnes-enceintes-enfants-bienvenue\/","url":"https:\/\/lakermesse.fr\/nice\/2024\/10\/pmr-personnes-enceintes-enfants-bienvenue\/","name":"PMR, personnes enceintes, enfants : bienvenue mais attention ! - La Kermesse - Nice","isPartOf":{"@id":"https:\/\/lakermesse.fr\/nice\/#website"},"primaryImageOfPage":{"@id":"https:\/\/lakermesse.fr\/nice\/2024\/10\/pmr-personnes-enceintes-enfants-bienvenue\/#primaryimage"},"image":{"@id":"https:\/\/lakermesse.fr\/nice\/2024\/10\/pmr-personnes-enceintes-enfants-bienvenue\/#primaryimage"},"thumbnailUrl":"https:\/\/lakermesse.fr\/nice\/wp-content\/uploads\/2024\/10\/DSC02358-scaled.jpg","datePublished":"2024-10-20T21:06:57+00:00","dateModified":"2024-11-24T16:36:22+00:00","author":{"@id":"https:\/\/lakermesse.fr\/nice\/#\/schema\/person\/da2be0b972873a695ae2720c19b73acd"},"breadcrumb":{"@id":"https:\/\/lakermesse.fr\/nice\/2024\/10\/pmr-personnes-enceintes-enfants-bienvenue\/#breadcrumb"},"inLanguage":"fr-FR","potentialAction":[{"@type":"ReadAction","target":["https:\/\/lakermesse.fr\/nice\/2024\/10\/pmr-personnes-enceintes-enfants-bienvenue\/"]}]},{"@type":"ImageObject","inLanguage":"fr-FR","@id":"https:\/\/lakermesse.fr\/nice\/2024\/10\/pmr-personnes-enceintes-enfants-bienvenue\/#primaryimage","url":"https:\/\/lakermesse.fr\/nice\/wp-content\/uploads\/2024\/10\/DSC02358-scaled.jpg","contentUrl":"https:\/\/lakermesse.fr\/nice\/wp-content\/uploads\/2024\/10\/DSC02358-scaled.jpg","width":2560,"height":1707},{"@type":"BreadcrumbList","@id":"https:\/\/lakermesse.fr\/nice\/2024\/10\/pmr-personnes-enceintes-enfants-bienvenue\/#breadcrumb","itemListElement":[{"@type":"ListItem","position":1,"name":"Accueil","item":"https:\/\/lakermesse.fr\/nice\/"},{"@type":"ListItem","position":2,"name":"PMR, personnes enceintes, enfants : bienvenue mais attention !"}]},{"@type":"WebSite","@id":"https:\/\/lakermesse.fr\/nice\/#website","url":"https:\/\/lakermesse.fr\/nice\/","name":"La Kermesse Toulouse - 14, 15 & 16 ao\u00fbt 2025","description":"","potentialAction":[{"@type":"SearchAction","target":{"@type":"EntryPoint","urlTemplate":"https:\/\/lakermesse.fr\/nice\/?s={search_term_string}"},"query-input":"required name=search_term_string"}],"inLanguage":"fr-FR"},{"@type":"Person","@id":"https:\/\/lakermesse.fr\/nice\/#\/schema\/person\/da2be0b972873a695ae2720c19b73acd","name":"staff@chafadouproductions.com","image":{"@type":"ImageObject","inLanguage":"fr-FR","@id":"https:\/\/lakermesse.fr\/nice\/#\/schema\/person\/image\/","url":"https:\/\/secure.gravatar.com\/avatar\/cf9823f03acf6dde106cd618aadd582ebe0653ab31839de49d14e0db474112f7?s=96&d=mm&r=g","contentUrl":"https:\/\/secure.gravatar.com\/avatar\/cf9823f03acf6dde106cd618aadd582ebe0653ab31839de49d14e0db474112f7?s=96&d=mm&r=g","caption":"staff@chafadouproductions.com"},"url":"https:\/\/lakermesse.fr\/nice\/author\/staffchafadouproductions-com\/"}]}},"jetpack_sharing_enabled":true,"jetpack_featured_media_url":"https:\/\/lakermesse.fr\/nice\/wp-content\/uploads\/2024\/10\/DSC02358-scaled.jpg","_links":{"self":[{"href":"https:\/\/lakermesse.fr\/nice\/wp-json\/wp\/v2\/posts\/759","targetHints":{"allow":["GET"]}}],"collection":[{"href":"https:\/\/lakermesse.fr\/nice\/wp-json\/wp\/v2\/posts"}],"about":[{"href":"https:\/\/lakermesse.fr\/nice\/wp-json\/wp\/v2\/types\/post"}],"author":[{"embeddable":true,"href":"https:\/\/lakermesse.fr\/nice\/wp-json\/wp\/v2\/users\/4"}],"replies":[{"embeddable":true,"href":"https:\/\/lakermesse.fr\/nice\/wp-json\/wp\/v2\/comments?post=759"}],"version-history":[{"count":5,"href":"https:\/\/lakermesse.fr\/nice\/wp-json\/wp\/v2\/posts\/759\/revisions"}],"predecessor-version":[{"id":1576,"href":"https:\/\/lakermesse.fr\/nice\/wp-json\/wp\/v2\/posts\/759\/revisions\/1576"}],"wp:featuredmedia":[{"embeddable":true,"href":"https:\/\/lakermesse.fr\/nice\/wp-json\/wp\/v2\/media\/760"}],"wp:attachment":[{"href":"https:\/\/lakermesse.fr\/nice\/wp-json\/wp\/v2\/media?parent=759"}],"wp:term":[{"taxonomy":"category","embeddable":true,"href":"https:\/\/lakermesse.fr\/nice\/wp-json\/wp\/v2\/categories?post=759"},{"taxonomy":"post_tag","embeddable":true,"href":"https:\/\/lakermesse.fr\/nice\/wp-json\/wp\/v2\/tags?post=759"}],"curies":[{"name":"wp","href":"https:\/\/api.w.org\/{rel}","templated":true}]}}